{"id":33573,"date":"2022-11-14T14:29:15","date_gmt":"2022-11-14T20:29:15","guid":{"rendered":"https:\/\/encuentroinformativo.com.mx\/?p=33573"},"modified":"2022-11-14T14:29:18","modified_gmt":"2022-11-14T20:29:18","slug":"denuncian-padres-maltrato-infantil-en-kinder","status":"publish","type":"post","link":"https:\/\/encuentroinformativo.com.mx\/?p=33573","title":{"rendered":"Denuncian padres maltrato infantil en k\u00ednder"},"content":{"rendered":"\n<p><strong>Juan Arcos <\/strong><\/p>\n\n\n\n<p>Xalapa, Ver.- Madres y padres de familia protestaron para denunciar que en el jard\u00edn de ni\u00f1os &#8220;Mar\u00eda Montessori&#8221; se han registrado casos de maltrato infantil.<\/p>\n\n\n\n<p>La escuela se encuentra sobre la calle Jorge A. Serrano El\u00edas, en la colonia Francisco I. Madero, de esta ciudad de Xalapa, donde los quejosos colocaron pancartas para visibilizar la problem\u00e1tica.<\/p>\n\n\n\n<p>Los inconformes acusan directamente a una profesora, cuyo nombre omite para no entorpecer las investigaciones y los procesos administrativos.<\/p>\n\n\n\n<p>\u201cPor maltrato infantil a nuestros hijos, nos hemos sentido ignorados por el apoyo que le dan a la profesora ciertas autoridades sindicales, educativas y personal de esta instituci\u00f3n por dar queja en diversas instancias y tememos por la integridad de nuestros hijos y de la nuestra&#8221;, se lee en las cartulinas.<\/p>\n\n\n\n<p>Algunos de los manifestantes acusaron, de manera an\u00f3nima por temer a represalias contra los alumnos, que han emitido oficios a la Secretar\u00eda de Educaci\u00f3n de Veracruz (SEV), en espera de una respuesta favorable.<\/p>\n\n\n\n<p>\u201cPero no hemos tenido una respuesta inmediata, pasaron dos meses en el que la maestra sigue en la instituci\u00f3n, le pidieron que ya no siguiera en el grupo, ni en venta escolar, pero sigue en la escuela, sigue en la venta escolar aunque digan que no es cierto, yo lo he visto\u201d, indicaron.<\/p>\n\n\n\n<p>Por tal motivo, las mam\u00e1s y pap\u00e1s pidieron a las autoridades educativas y al gobernador Cuitl\u00e1huac Garc\u00eda Jim\u00e9nez que intervengan para que la docente se\u00f1alada no siga en el plantel educativo.<\/p>\n\n\n\n<p>\u201cNo queremos a la maestra en esta instituci\u00f3n, queremos que se vaya y queremos que nuestros hijos sean escuchados\u201d, enfatizaron.<\/p>\n","protected":false},"excerpt":{"rendered":"<p>Juan Arcos Xalapa, Ver.- Madres y padres de familia protestaron para denunciar que en el jard\u00edn de ni\u00f1os &#8220;Mar\u00eda Montessori&#8221; se han registrado casos de maltrato infantil. La escuela se encuentra sobre la calle Jorge A. Serrano El\u00edas, en la colonia Francisco I. Madero, de esta ciudad de Xalapa, donde los quejosos colocaron pancartas para [&hellip;]<\/p>\n","protected":false},"author":1,"featured_media":33574,"comment_status":"open","ping_status":"open","sticky":false,"template":"","format":"standard","meta":{"_jetpack_memberships_contains_paid_content":false,"footnotes":""},"categories":[3],"tags":[],"class_list":["post-33573","post","type-post","status-publish","format-standard","has-post-thumbnail","hentry","category-xalapa"],"jetpack_featured_media_url":"https:\/\/encuentroinformativo.com.mx\/wp-content\/uploads\/2022\/11\/526729E2-5786-461E-90BB-B9623E8D18CA.jpeg","jetpack_sharing_enabled":true,"jetpack_likes_enabled":true,"amp_enabled":true,"_links":{"self":[{"href":"https:\/\/encuentroinformativo.com.mx\/index.php?rest_route=\/wp\/v2\/posts\/33573","targetHints":{"allow":["GET"]}}],"collection":[{"href":"https:\/\/encuentroinformativo.com.mx\/index.php?rest_route=\/wp\/v2\/posts"}],"about":[{"href":"https:\/\/encuentroinformativo.com.mx\/index.php?rest_route=\/wp\/v2\/types\/post"}],"author":[{"embeddable":true,"href":"https:\/\/encuentroinformativo.com.mx\/index.php?rest_route=\/wp\/v2\/users\/1"}],"replies":[{"embeddable":true,"href":"https:\/\/encuentroinformativo.com.mx\/index.php?rest_route=%2Fwp%2Fv2%2Fcomments&post=33573"}],"version-history":[{"count":1,"href":"https:\/\/encuentroinformativo.com.mx\/index.php?rest_route=\/wp\/v2\/posts\/33573\/revisions"}],"predecessor-version":[{"id":33575,"href":"https:\/\/encuentroinformativo.com.mx\/index.php?rest_route=\/wp\/v2\/posts\/33573\/revisions\/33575"}],"wp:featuredmedia":[{"embeddable":true,"href":"https:\/\/encuentroinformativo.com.mx\/index.php?rest_route=\/wp\/v2\/media\/33574"}],"wp:attachment":[{"href":"https:\/\/encuentroinformativo.com.mx\/index.php?rest_route=%2Fwp%2Fv2%2Fmedia&parent=33573"}],"wp:term":[{"taxonomy":"category","embeddable":true,"href":"https:\/\/encuentroinformativo.com.mx\/index.php?rest_route=%2Fwp%2Fv2%2Fcategories&post=33573"},{"taxonomy":"post_tag","embeddable":true,"href":"https:\/\/encuentroinformativo.com.mx\/index.php?rest_route=%2Fwp%2Fv2%2Ftags&post=33573"}],"curies":[{"name":"wp","href":"https:\/\/api.w.org\/{rel}","templated":true}]}}