{"id":33585,"date":"2022-11-14T20:45:01","date_gmt":"2022-11-15T02:45:01","guid":{"rendered":"https:\/\/encuentroinformativo.com.mx\/?p=33585"},"modified":"2022-11-14T20:45:05","modified_gmt":"2022-11-15T02:45:05","slug":"no-pedire-licencia-cuitlahuac-garcia","status":"publish","type":"post","link":"https:\/\/encuentroinformativo.com.mx\/?p=33585","title":{"rendered":"No pedir\u00e9 licencia: Cuitl\u00e1huac Garc\u00eda"},"content":{"rendered":"\n<p><strong>Dar\u00edo Pale <\/strong><\/p>\n\n\n\n<p>Xalapa, Ver.- El Gobernador del estado, Cuitl\u00e1huac Garc\u00eda Jim\u00e9nez, descart\u00f3 que despu\u00e9s del pr\u00f3ximo 16 de noviembre renuncie como mandatario estatal para irse como coordinador de la campa\u00f1a de Claudia Sheinbaum.<\/p>\n\n\n\n<p>En conferencia de prensa precis\u00f3 que esa pregunta se la pueden hacer en diciembre del pr\u00f3ximo a\u00f1o, pues su intenci\u00f3n es continuar con su responsabilidad de mandatario estatal.<\/p>\n\n\n\n<p>\u201cTodav\u00eda no est\u00e1n las campa\u00f1as, no pienso pedir licencia, que me lo pregunten en diciembre del 2023, mi deseo es continuar con esta responsabilidad\u201d, se\u00f1al\u00f3.<\/p>\n\n\n\n<p>Refiri\u00f3 que van a continuar hasta diciembre del 2023 muchas expresiones pol\u00edticas &#8211; partidistas a favor de un posible candidato o candidata, sin embargo, dijo que los integrantes del movimiento Morena deben estar tranquilos, puesto que la \u00faltima palabra la tiene el pueblo.<\/p>\n\n\n\n<p>\u201cNosotros debemos estar tranquilos porque ahora al menos en la parte del Movimiento que nos permiti\u00f3 estar aqu\u00ed, va a ser por encuesta, o sea lo va a decidir el pueblo, quien va a ser el candidato para la presidencia del 2024, es una forma diferente de elegir al candidato\u201d, coment\u00f3.<\/p>\n\n\n\n<p>Mencion\u00f3 que en el camino se ir\u00e1 viendo quienes son los candidatos, puesto que ya no hay \u201ctapados\u201d, de tal forma que la gente conoce a los nominados.<\/p>\n\n\n\n<p>Finalmente coment\u00f3 \u201cque sea abierto, s\u00f3lo hay que cuidar lo que la ley marca nada m\u00e1s. Nosotros estamos muy pendiente de lo nacional y aqu\u00ed en veracruz nos interesa la reforma electoral en veracruz que insisto no es desaparecer al INE sino transformarlo\u201d.<\/p>\n","protected":false},"excerpt":{"rendered":"<p>Dar\u00edo Pale Xalapa, Ver.- El Gobernador del estado, Cuitl\u00e1huac Garc\u00eda Jim\u00e9nez, descart\u00f3 que despu\u00e9s del pr\u00f3ximo 16 de noviembre renuncie como mandatario estatal para irse como coordinador de la campa\u00f1a de Claudia Sheinbaum. En conferencia de prensa precis\u00f3 que esa pregunta se la pueden hacer en diciembre del pr\u00f3ximo a\u00f1o, pues su intenci\u00f3n es continuar [&hellip;]<\/p>\n","protected":false},"author":1,"featured_media":33586,"comment_status":"open","ping_status":"open","sticky":false,"template":"","format":"standard","meta":{"_jetpack_memberships_contains_paid_content":false,"footnotes":""},"categories":[2],"tags":[],"class_list":["post-33585","post","type-post","status-publish","format-standard","has-post-thumbnail","hentry","category-estado"],"jetpack_featured_media_url":"https:\/\/encuentroinformativo.com.mx\/wp-content\/uploads\/2022\/11\/15C5BE69-0D4E-4214-954B-397A79FA671A.jpeg","jetpack_sharing_enabled":true,"jetpack_likes_enabled":true,"amp_enabled":true,"_links":{"self":[{"href":"https:\/\/encuentroinformativo.com.mx\/index.php?rest_route=\/wp\/v2\/posts\/33585","targetHints":{"allow":["GET"]}}],"collection":[{"href":"https:\/\/encuentroinformativo.com.mx\/index.php?rest_route=\/wp\/v2\/posts"}],"about":[{"href":"https:\/\/encuentroinformativo.com.mx\/index.php?rest_route=\/wp\/v2\/types\/post"}],"author":[{"embeddable":true,"href":"https:\/\/encuentroinformativo.com.mx\/index.php?rest_route=\/wp\/v2\/users\/1"}],"replies":[{"embeddable":true,"href":"https:\/\/encuentroinformativo.com.mx\/index.php?rest_route=%2Fwp%2Fv2%2Fcomments&post=33585"}],"version-history":[{"count":1,"href":"https:\/\/encuentroinformativo.com.mx\/index.php?rest_route=\/wp\/v2\/posts\/33585\/revisions"}],"predecessor-version":[{"id":33587,"href":"https:\/\/encuentroinformativo.com.mx\/index.php?rest_route=\/wp\/v2\/posts\/33585\/revisions\/33587"}],"wp:featuredmedia":[{"embeddable":true,"href":"https:\/\/encuentroinformativo.com.mx\/index.php?rest_route=\/wp\/v2\/media\/33586"}],"wp:attachment":[{"href":"https:\/\/encuentroinformativo.com.mx\/index.php?rest_route=%2Fwp%2Fv2%2Fmedia&parent=33585"}],"wp:term":[{"taxonomy":"category","embeddable":true,"href":"https:\/\/encuentroinformativo.com.mx\/index.php?rest_route=%2Fwp%2Fv2%2Fcategories&post=33585"},{"taxonomy":"post_tag","embeddable":true,"href":"https:\/\/encuentroinformativo.com.mx\/index.php?rest_route=%2Fwp%2Fv2%2Ftags&post=33585"}],"curies":[{"name":"wp","href":"https:\/\/api.w.org\/{rel}","templated":true}]}}