{"id":33594,"date":"2022-11-15T09:34:05","date_gmt":"2022-11-15T15:34:05","guid":{"rendered":"https:\/\/encuentroinformativo.com.mx\/?p=33594"},"modified":"2022-11-15T09:34:10","modified_gmt":"2022-11-15T15:34:10","slug":"lecciones-del-domingo","status":"publish","type":"post","link":"https:\/\/encuentroinformativo.com.mx\/?p=33594","title":{"rendered":"LECCIONES DEL DOMINGO"},"content":{"rendered":"\n<p><strong>Los Pol\u00edticos<\/strong><\/p>\n\n\n\n<p><strong>Salvador Mu\u00f1oz<\/strong><\/p>\n\n\n\n<p>La marcha del domingo en defensa del INE es llamada por algunos la Fiesta Democr\u00e1tica\u2026 \u00a1hubo muchos invitados! Al final, creo que quienes celebraron, pueden sentirse satisfechos, contentos, y no extra\u00f1a ver ese dejo de \u00e9xtasis en el \u00e9xito que implic\u00f3 este movimiento ciudadano\u2026<\/p>\n\n\n\n<p>Nunca como hoy, la defensa del INE est\u00e1 m\u00e1s alejada de colores y siglas\u2026 para entenderlo, creo que se tuvo que vivir el 1988 y algunos de sus previos; y para ello, hay que tener memoria y a la vez, dignidad y coraje, como la de esos miles y miles de mexicanos que salieron el domingo a la marcha\u2026<\/p>\n\n\n\n<p>Digo que hay que tener memoria para entenderlo porque ya en algunos a quienes les toc\u00f3 vivir esa llamada alguna vez \u201cDictadura Perfecta\u201d del PRI, donde de todas, ganaban todas de una manera casi descarada, se les olvid\u00f3 por lo que luchaban y contra quien luchaban\u2026 y muchos de esos desmemoriados eran del PRI\u2026 o del PRD\u2026 de derecha algunos\u2026 de izquierda otros\u2026 s\u00ed, como el mismo Presidente.<\/p>\n\n\n\n<p>Y si bien, hay muchas generaciones que no les toc\u00f3 vivir esos episodios, hay dos maneras de tratar de entenderlos: acercarse con quienes lo vivieron y escuchar; o acercarse a los libros, a la historia\u2026 porque se\u00f1ores y se\u00f1oras, la historia no empieza con Morena ni en el 2018, como se les pretende enga\u00f1ar\u2026 o como pretenden enga\u00f1arse.<\/p>\n\n\n\n<p>La marcha del Domingo por la defensa del INE obliga a la oposici\u00f3n a hacer un papel m\u00e1s digno para evitar, con raz\u00f3n o sin ella, que sus dirigentes sean encarados por ciudadanos de a pie\u2026 como le pas\u00f3 a Alito.<\/p>\n\n\n\n<p>La sociedad civil, los ciudadanos, alzaron su voz porque ven en la Reforma Electoral una amenaza del pasado, donde el Gobierno era el amo y se\u00f1or de las decisiones electorales y vamos, de eso bien sabe y mucho Andr\u00e9s Manuel L\u00f3pez Obrador, y no porque \u00e9l esgrime que le hicieron fraude, sino porque tiene a su lado a quien deton\u00f3 en el 88 del siglo pasado, un movimiento pol\u00edtico y ciudadano: Manuel Bartlett\u2026 es por eso que les digo de la memoria, la dignidad y el coraje\u2026 \u00bfcon qu\u00e9 cara un moreno puede defender \u201cla democracia\u201d a la que aboga tanto el Presidente cuando a su lado tiene al Democraticida por excelencia?<\/p>\n\n\n\n<p>Gracias a Bartlett se uni\u00f3 la izquierda y la derecha: Cuauht\u00e9moc C\u00e1rdenas, Rosario Ibarra de Piedra y Manuel Clouthier\u2026 \u00e9stos fueron los que iniciaron el cambio\u2026<\/p>\n\n\n\n<p>No s\u00e9 cu\u00e1l sea el futuro inmediato de la Reforma Electoral propuesta por el Presidente, pero una cosa es segura: Si sigue adelante, generar\u00e1 un malestar ciudadano que cada d\u00eda se alimenta en mucho por ese desenfado de AMLO para despreciar a quien no est\u00e1 de acuerdo con \u00e9l, no con sus propuestas, porque lo hace personal, contra L\u00f3pez Obrador: \u201cEl Estado soy yo!\u201d&nbsp;<\/p>\n\n\n\n<p>Y es ah\u00ed donde debe verse desde el otro lado la marcha\u2026 el sistema en el Poder fue callado el domingo\u2026 \u00a1ni las Ma\u00f1anitas se escucharon! A lo m\u00e1s, una groser\u00eda como Diputado, que se supone es un representante popular, ofend\u00eda a los marchantes, a la sociedad\u2026 afortunadamente s\u00f3lo fue por el lado de Morena, un pendejo con iniciativa, que nunca faltan ya sea en un bando o en el otro\u2026<\/p>\n\n\n\n<p>Pero les dec\u00eda: La marcha en defensa del INE debe verse en la mesa de an\u00e1lisis del Sistema en el Poder\u2026 lo del domingo debe preocupar y ocupar\u2026 por la experiencia vivida, adquirida\u2026 ellos saben lo que ocurre cuando se vota con el h\u00edgado: tira sistemas, tira gobiernos, tira partidos\u2026<\/p>\n\n\n\n<p>S\u00ed, en una de \u00e9sas, la aplastante mayor\u00eda puede complacer el revanchismo y resentimiento que anida en el Presidente, pero estar\u00e1 abonando para irritar m\u00e1s al tigre\u2026 L\u00f3pez Obrador todav\u00eda est\u00e1 a tiempo de hacer pol\u00edtica y menos autoritarismo, y menos \u00e9se que le convierte en el monstruo que tanto combat\u00eda\u2026 digo, porque si sigue as\u00ed, mal augurio tener a cada rato, marchas en domingo, como la que se protagoniz\u00f3 en defensa del INE.<\/p>\n","protected":false},"excerpt":{"rendered":"<p>Los Pol\u00edticos Salvador Mu\u00f1oz La marcha del domingo en defensa del INE es llamada por algunos la Fiesta Democr\u00e1tica\u2026 \u00a1hubo muchos invitados! Al final, creo que quienes celebraron, pueden sentirse satisfechos, contentos, y no extra\u00f1a ver ese dejo de \u00e9xtasis en el \u00e9xito que implic\u00f3 este movimiento ciudadano\u2026 Nunca como hoy, la defensa del INE [&hellip;]<\/p>\n","protected":false},"author":1,"featured_media":387,"comment_status":"open","ping_status":"open","sticky":false,"template":"","format":"standard","meta":{"_jetpack_memberships_contains_paid_content":false,"footnotes":""},"categories":[11],"tags":[],"class_list":["post-33594","post","type-post","status-publish","format-standard","has-post-thumbnail","hentry","category-opinion"],"jetpack_featured_media_url":"https:\/\/encuentroinformativo.com.mx\/wp-content\/uploads\/2020\/03\/7CF8A22B-2764-47BE-8F7F-38FE9E5D6A2F.jpeg","jetpack_sharing_enabled":true,"jetpack_likes_enabled":true,"amp_enabled":true,"_links":{"self":[{"href":"https:\/\/encuentroinformativo.com.mx\/index.php?rest_route=\/wp\/v2\/posts\/33594","targetHints":{"allow":["GET"]}}],"collection":[{"href":"https:\/\/encuentroinformativo.com.mx\/index.php?rest_route=\/wp\/v2\/posts"}],"about":[{"href":"https:\/\/encuentroinformativo.com.mx\/index.php?rest_route=\/wp\/v2\/types\/post"}],"author":[{"embeddable":true,"href":"https:\/\/encuentroinformativo.com.mx\/index.php?rest_route=\/wp\/v2\/users\/1"}],"replies":[{"embeddable":true,"href":"https:\/\/encuentroinformativo.com.mx\/index.php?rest_route=%2Fwp%2Fv2%2Fcomments&post=33594"}],"version-history":[{"count":1,"href":"https:\/\/encuentroinformativo.com.mx\/index.php?rest_route=\/wp\/v2\/posts\/33594\/revisions"}],"predecessor-version":[{"id":33595,"href":"https:\/\/encuentroinformativo.com.mx\/index.php?rest_route=\/wp\/v2\/posts\/33594\/revisions\/33595"}],"wp:featuredmedia":[{"embeddable":true,"href":"https:\/\/encuentroinformativo.com.mx\/index.php?rest_route=\/wp\/v2\/media\/387"}],"wp:attachment":[{"href":"https:\/\/encuentroinformativo.com.mx\/index.php?rest_route=%2Fwp%2Fv2%2Fmedia&parent=33594"}],"wp:term":[{"taxonomy":"category","embeddable":true,"href":"https:\/\/encuentroinformativo.com.mx\/index.php?rest_route=%2Fwp%2Fv2%2Fcategories&post=33594"},{"taxonomy":"post_tag","embeddable":true,"href":"https:\/\/encuentroinformativo.com.mx\/index.php?rest_route=%2Fwp%2Fv2%2Ftags&post=33594"}],"curies":[{"name":"wp","href":"https:\/\/api.w.org\/{rel}","templated":true}]}}