{"id":33603,"date":"2022-11-15T14:22:57","date_gmt":"2022-11-15T20:22:57","guid":{"rendered":"https:\/\/encuentroinformativo.com.mx\/?p=33603"},"modified":"2022-11-15T14:23:00","modified_gmt":"2022-11-15T20:23:00","slug":"siguen-los-conflictos-familiares-de-rogelio-n","status":"publish","type":"post","link":"https:\/\/encuentroinformativo.com.mx\/?p=33603","title":{"rendered":"Siguen los conflictos familiares de Rogelio \u201cN\u201d"},"content":{"rendered":"\n<p><strong>Dar\u00edo Pale <\/strong><\/p>\n\n\n\n<p>Xalapa, Ver.- Las hijas de Rogelio Franco y su abuela fueron denunciadas por sustracci\u00f3n de menores y omisi\u00f3n de de cuidados lo cual informaron que dichos se\u00f1alamientos son falsos por lo que lament\u00f3 que la Fiscal\u00eda General del Estado, contin\u00fae prestando a o\u00eddos a su madre.<\/p>\n\n\n\n<p>Acompa\u00f1adas de Manuel Bernal Rivera acompa\u00f1ado de las dos j\u00f3venes Viviana y Luisa Fernanda Franco; as\u00ed como su abuela estan siendo denunciadas por la ex esposa del Rogelio &#8220;N&#8221;, Guillermina Alvarado, quien las est\u00e1 acusando de los delitos de sustracci\u00f3n de menores y omisi\u00f3n de cuidados.<\/p>\n\n\n\n<p>En conferencia de prensa hicieron p\u00fablico que las hijas y la abuela fueron citadas ya que fueron denunciadas ante la Fiscal\u00eda General del Estado (FGE), por el tema de sustracci\u00f3n de menores y omisi\u00f3n de cuidado cuya v\u00edctima dicen que es la hermana menor de las personas presente lo cual es totalmente falso.<\/p>\n\n\n\n<p>Dieron a conocer que acudir\u00e1n a la FGE ya que no s\u00f3lo ven una tragedia familiar ya que de manera persistente y absurda est\u00e1n se\u00f1alando as\u00ed como ilegal, por lo que la mam\u00e1 que es la denunciante pareciera que ha perdido el rumbo la coherencia y la l\u00f3gica de la vida humana.<\/p>\n\n\n\n<p>Por lo anterior, Viviana Franco Alvarado, expuso que el d\u00eda de ayer las FGE, las cit\u00f3 a comparecer como probables responsables de esos delitos en contra de su hermana menor de 10 a\u00f1os, a quien tienen actualmente a su cargo.<\/p>\n\n\n\n<p>\u201cMi abuela Mercedes, Luisa y \u00a0yo nos presentaremos a declarar para demostrar que no hemos cometido ning\u00fan delito, al contrario, hemos cuidado de nuestra peque\u00f1a hermana d\u00e1ndole amor, cuidado y atenci\u00f3n; ella es una ni\u00f1a feliz y sana que desea tener en libertad a su padre&#8221;, se\u00f1al\u00f3.<\/p>\n\n\n\n<p>Lament\u00f3 que la Fiscal\u00eda General del Estado, contin\u00fae prestando a o\u00eddos a su madre &#8220;qui\u00e9n esta movida por el odio y el rencor&#8221; y qui\u00e9n asegur\u00f3 les ha hecho un da\u00f1o irreparable &#8220;No cesa en hacernos sufrir&#8221;.<\/p>\n\n\n\n<p>Ante esta situaci\u00f3n, exigen que la FGE investigue y haga bien su trabajo, toda vez su hermana menor sufr\u00eda de maltratos por parte de su madre.<\/p>\n\n\n\n<p>Finalmente se\u00f1alaron que, &#8220;mi hermana peque\u00f1a decidi\u00f3 estar con nosostros por los malos tratos que recibi\u00f3 de nuestra madre al igual que nosotras porque a la fiscal\u00eda no le interesa el bien superior de la menor pues en Julio de 2020, mi mam\u00e1 la hab\u00eda golpeado y le pr\u00e1ctico un exorcismo y despu\u00e9s la dejo de ver 14 meses&#8221;.<\/p>\n","protected":false},"excerpt":{"rendered":"<p>Dar\u00edo Pale Xalapa, Ver.- Las hijas de Rogelio Franco y su abuela fueron denunciadas por sustracci\u00f3n de menores y omisi\u00f3n de de cuidados lo cual informaron que dichos se\u00f1alamientos son falsos por lo que lament\u00f3 que la Fiscal\u00eda General del Estado, contin\u00fae prestando a o\u00eddos a su madre. Acompa\u00f1adas de Manuel Bernal Rivera acompa\u00f1ado de [&hellip;]<\/p>\n","protected":false},"author":1,"featured_media":33604,"comment_status":"open","ping_status":"open","sticky":false,"template":"","format":"standard","meta":{"_jetpack_memberships_contains_paid_content":false,"footnotes":""},"categories":[2],"tags":[],"class_list":["post-33603","post","type-post","status-publish","format-standard","has-post-thumbnail","hentry","category-estado"],"jetpack_featured_media_url":"https:\/\/encuentroinformativo.com.mx\/wp-content\/uploads\/2022\/11\/66B1BD89-2DB6-4D28-9506-77F631F37AFB.jpeg","jetpack_sharing_enabled":true,"jetpack_likes_enabled":true,"amp_enabled":true,"_links":{"self":[{"href":"https:\/\/encuentroinformativo.com.mx\/index.php?rest_route=\/wp\/v2\/posts\/33603","targetHints":{"allow":["GET"]}}],"collection":[{"href":"https:\/\/encuentroinformativo.com.mx\/index.php?rest_route=\/wp\/v2\/posts"}],"about":[{"href":"https:\/\/encuentroinformativo.com.mx\/index.php?rest_route=\/wp\/v2\/types\/post"}],"author":[{"embeddable":true,"href":"https:\/\/encuentroinformativo.com.mx\/index.php?rest_route=\/wp\/v2\/users\/1"}],"replies":[{"embeddable":true,"href":"https:\/\/encuentroinformativo.com.mx\/index.php?rest_route=%2Fwp%2Fv2%2Fcomments&post=33603"}],"version-history":[{"count":1,"href":"https:\/\/encuentroinformativo.com.mx\/index.php?rest_route=\/wp\/v2\/posts\/33603\/revisions"}],"predecessor-version":[{"id":33605,"href":"https:\/\/encuentroinformativo.com.mx\/index.php?rest_route=\/wp\/v2\/posts\/33603\/revisions\/33605"}],"wp:featuredmedia":[{"embeddable":true,"href":"https:\/\/encuentroinformativo.com.mx\/index.php?rest_route=\/wp\/v2\/media\/33604"}],"wp:attachment":[{"href":"https:\/\/encuentroinformativo.com.mx\/index.php?rest_route=%2Fwp%2Fv2%2Fmedia&parent=33603"}],"wp:term":[{"taxonomy":"category","embeddable":true,"href":"https:\/\/encuentroinformativo.com.mx\/index.php?rest_route=%2Fwp%2Fv2%2Fcategories&post=33603"},{"taxonomy":"post_tag","embeddable":true,"href":"https:\/\/encuentroinformativo.com.mx\/index.php?rest_route=%2Fwp%2Fv2%2Ftags&post=33603"}],"curies":[{"name":"wp","href":"https:\/\/api.w.org\/{rel}","templated":true}]}}