{"id":33612,"date":"2022-11-15T16:44:40","date_gmt":"2022-11-15T22:44:40","guid":{"rendered":"https:\/\/encuentroinformativo.com.mx\/?p=33612"},"modified":"2022-11-15T16:44:43","modified_gmt":"2022-11-15T22:44:43","slug":"balean-a-conductor-en-plaza-comercial","status":"publish","type":"post","link":"https:\/\/encuentroinformativo.com.mx\/?p=33612","title":{"rendered":"Balean a conductor en plaza comercial"},"content":{"rendered":"\n<p><strong>Juan Arcos <\/strong><\/p>\n\n\n\n<p>Xalapa, Ver.- Un ataque armado ocurri\u00f3 al mediod\u00eda de este martes 15 de noviembre frente a \u201cPlaza Crystal\u201d, cerca del Palacio Judicial y del Palacio Legislativo, en esta ciudad de Xalapa.<\/p>\n\n\n\n<p>Se trata de un hombre que se encontraba al interior de un veh\u00edculo, cuando fue interceptado y agredido a balazos en dicha zona comercial.<\/p>\n\n\n\n<p>Los hechos se registraron alrededor de las 12:30 horas sobre la avenida L\u00e1zaro C\u00e1rdenas, en la zona donde se encuentran sucursales bancarias y cajeros autom\u00e1ticos.<\/p>\n\n\n\n<p>La gente que transitaba cerca escuch\u00f3 detonaciones de arma de fuego y llam\u00f3 al n\u00famero de emergencias 911 para solicitar el apoyo policiaco y la presencia de param\u00e9dicos.<\/p>\n\n\n\n<p>El conductor agredido result\u00f3 con una leve herida en el brazo derecho, mientras que los agresores se dieron a la fuga y a\u00fan no han sido capturados.<\/p>\n\n\n\n<p>Elementos de la Secretar\u00eda de Seguridad P\u00fablica (SSP), a trav\u00e9s del Grupo Panteras, dieron la atenci\u00f3n al sujeto lesionado.<\/p>\n\n\n\n<p>Tambi\u00e9n emprendieron un fuerte operativo de seguridad para la localizaci\u00f3n y captura de los presuntos responsables de este ataque armado.<\/p>\n\n\n\n<p>Cabe destacar que la SSP desplegar\u00eda casi 7 mil elementos para garantizar la seguridad de las personas durante el programa comercial \u201cBuen Fin\u201d que se llevar\u00eda a cabo del 18 al 21 de noviembre.<\/p>\n","protected":false},"excerpt":{"rendered":"<p>Juan Arcos Xalapa, Ver.- Un ataque armado ocurri\u00f3 al mediod\u00eda de este martes 15 de noviembre frente a \u201cPlaza Crystal\u201d, cerca del Palacio Judicial y del Palacio Legislativo, en esta ciudad de Xalapa. Se trata de un hombre que se encontraba al interior de un veh\u00edculo, cuando fue interceptado y agredido a balazos en dicha [&hellip;]<\/p>\n","protected":false},"author":1,"featured_media":33613,"comment_status":"open","ping_status":"open","sticky":false,"template":"","format":"standard","meta":{"_jetpack_memberships_contains_paid_content":false,"footnotes":""},"categories":[14],"tags":[],"class_list":["post-33612","post","type-post","status-publish","format-standard","has-post-thumbnail","hentry","category-policiaca"],"jetpack_featured_media_url":"https:\/\/encuentroinformativo.com.mx\/wp-content\/uploads\/2022\/11\/0EB8CC4A-ACF4-4646-AC3D-E46E9F7DE8CA.jpeg","jetpack_sharing_enabled":true,"jetpack_likes_enabled":true,"amp_enabled":true,"_links":{"self":[{"href":"https:\/\/encuentroinformativo.com.mx\/index.php?rest_route=\/wp\/v2\/posts\/33612","targetHints":{"allow":["GET"]}}],"collection":[{"href":"https:\/\/encuentroinformativo.com.mx\/index.php?rest_route=\/wp\/v2\/posts"}],"about":[{"href":"https:\/\/encuentroinformativo.com.mx\/index.php?rest_route=\/wp\/v2\/types\/post"}],"author":[{"embeddable":true,"href":"https:\/\/encuentroinformativo.com.mx\/index.php?rest_route=\/wp\/v2\/users\/1"}],"replies":[{"embeddable":true,"href":"https:\/\/encuentroinformativo.com.mx\/index.php?rest_route=%2Fwp%2Fv2%2Fcomments&post=33612"}],"version-history":[{"count":1,"href":"https:\/\/encuentroinformativo.com.mx\/index.php?rest_route=\/wp\/v2\/posts\/33612\/revisions"}],"predecessor-version":[{"id":33614,"href":"https:\/\/encuentroinformativo.com.mx\/index.php?rest_route=\/wp\/v2\/posts\/33612\/revisions\/33614"}],"wp:featuredmedia":[{"embeddable":true,"href":"https:\/\/encuentroinformativo.com.mx\/index.php?rest_route=\/wp\/v2\/media\/33613"}],"wp:attachment":[{"href":"https:\/\/encuentroinformativo.com.mx\/index.php?rest_route=%2Fwp%2Fv2%2Fmedia&parent=33612"}],"wp:term":[{"taxonomy":"category","embeddable":true,"href":"https:\/\/encuentroinformativo.com.mx\/index.php?rest_route=%2Fwp%2Fv2%2Fcategories&post=33612"},{"taxonomy":"post_tag","embeddable":true,"href":"https:\/\/encuentroinformativo.com.mx\/index.php?rest_route=%2Fwp%2Fv2%2Ftags&post=33612"}],"curies":[{"name":"wp","href":"https:\/\/api.w.org\/{rel}","templated":true}]}}