{"id":33624,"date":"2022-11-16T17:14:21","date_gmt":"2022-11-16T23:14:21","guid":{"rendered":"https:\/\/encuentroinformativo.com.mx\/?p=33624"},"modified":"2022-11-16T17:14:26","modified_gmt":"2022-11-16T23:14:26","slug":"recortes-seguiran-afectando-al-campo-organizaciones","status":"publish","type":"post","link":"https:\/\/encuentroinformativo.com.mx\/?p=33624","title":{"rendered":"Recortes seguir\u00e1n afectando al campo: Organizaciones"},"content":{"rendered":"\n<p><strong>Juan Arcos <\/strong><\/p>\n\n\n\n<p>Xalapa, Ver.- La crisis en el campo veracruzano ha empeorado durante los \u00faltimos meses y, pese a ello, se prev\u00e9 una reducci\u00f3n presupuestaria contemplada desde la Federaci\u00f3n.<\/p>\n\n\n\n<p>De acuerdo con el presidente del Consejo Nacional Independiente de Campesinos Ecologistas de M\u00e9xico, Constantino Aguilar Aguilar, se habla de una reducci\u00f3n en los recursos p\u00fablicos para incrementar la producci\u00f3n.<\/p>\n\n\n\n<p>A su juicio, han desaparecido programas de apoyo a este sector, como el Procampo, con el cual se beneficiaba a los productores de ma\u00edz, frijol y arroz.<\/p>\n\n\n\n<p>Adem\u00e1s, reprob\u00f3 que Veracruz bro est\u00e9 en el programa de fertilizantes, afectando ka producci\u00f3n de ma\u00edz, caf\u00e9 y otros cultivos.<\/p>\n\n\n\n<p>En ese sentido, el l\u00edder de la organizaci\u00f3n campesina se\u00f1al\u00f3 que la Secretar\u00eda de Bienestar no est\u00e1 beneficiando con programas al sector agropecuario.<\/p>\n\n\n\n<p>\u201cDesaparecen pr\u00e1cticamente todos los programas de desarrollo productivo y ese incremento y la mayor parte de presupuesto se va a programas de padr\u00f3n que no est\u00e1 comprobado que sirvan para algo en el sector rural productivo\u201d, enfatiz\u00f3.<\/p>\n\n\n\n<p>Record\u00f3 que la capacidad de producci\u00f3n en los granos b\u00e1sicos disminuy\u00f3 38 por ciento. Mientras que el valor de importaciones aument\u00f3 42 por ciento.<\/p>\n","protected":false},"excerpt":{"rendered":"<p>Juan Arcos Xalapa, Ver.- La crisis en el campo veracruzano ha empeorado durante los \u00faltimos meses y, pese a ello, se prev\u00e9 una reducci\u00f3n presupuestaria contemplada desde la Federaci\u00f3n. De acuerdo con el presidente del Consejo Nacional Independiente de Campesinos Ecologistas de M\u00e9xico, Constantino Aguilar Aguilar, se habla de una reducci\u00f3n en los recursos p\u00fablicos [&hellip;]<\/p>\n","protected":false},"author":1,"featured_media":33625,"comment_status":"open","ping_status":"open","sticky":false,"template":"","format":"standard","meta":{"_jetpack_memberships_contains_paid_content":false,"footnotes":""},"categories":[2],"tags":[],"class_list":["post-33624","post","type-post","status-publish","format-standard","has-post-thumbnail","hentry","category-estado"],"jetpack_featured_media_url":"https:\/\/encuentroinformativo.com.mx\/wp-content\/uploads\/2022\/11\/30C1E142-6669-409B-8913-6F17FB00A22A.jpeg","jetpack_sharing_enabled":true,"jetpack_likes_enabled":true,"amp_enabled":true,"_links":{"self":[{"href":"https:\/\/encuentroinformativo.com.mx\/index.php?rest_route=\/wp\/v2\/posts\/33624","targetHints":{"allow":["GET"]}}],"collection":[{"href":"https:\/\/encuentroinformativo.com.mx\/index.php?rest_route=\/wp\/v2\/posts"}],"about":[{"href":"https:\/\/encuentroinformativo.com.mx\/index.php?rest_route=\/wp\/v2\/types\/post"}],"author":[{"embeddable":true,"href":"https:\/\/encuentroinformativo.com.mx\/index.php?rest_route=\/wp\/v2\/users\/1"}],"replies":[{"embeddable":true,"href":"https:\/\/encuentroinformativo.com.mx\/index.php?rest_route=%2Fwp%2Fv2%2Fcomments&post=33624"}],"version-history":[{"count":1,"href":"https:\/\/encuentroinformativo.com.mx\/index.php?rest_route=\/wp\/v2\/posts\/33624\/revisions"}],"predecessor-version":[{"id":33626,"href":"https:\/\/encuentroinformativo.com.mx\/index.php?rest_route=\/wp\/v2\/posts\/33624\/revisions\/33626"}],"wp:featuredmedia":[{"embeddable":true,"href":"https:\/\/encuentroinformativo.com.mx\/index.php?rest_route=\/wp\/v2\/media\/33625"}],"wp:attachment":[{"href":"https:\/\/encuentroinformativo.com.mx\/index.php?rest_route=%2Fwp%2Fv2%2Fmedia&parent=33624"}],"wp:term":[{"taxonomy":"category","embeddable":true,"href":"https:\/\/encuentroinformativo.com.mx\/index.php?rest_route=%2Fwp%2Fv2%2Fcategories&post=33624"},{"taxonomy":"post_tag","embeddable":true,"href":"https:\/\/encuentroinformativo.com.mx\/index.php?rest_route=%2Fwp%2Fv2%2Ftags&post=33624"}],"curies":[{"name":"wp","href":"https:\/\/api.w.org\/{rel}","templated":true}]}}