{"id":33628,"date":"2022-11-16T21:22:31","date_gmt":"2022-11-17T03:22:31","guid":{"rendered":"https:\/\/encuentroinformativo.com.mx\/?p=33628"},"modified":"2022-11-16T23:09:45","modified_gmt":"2022-11-17T05:09:45","slug":"boca-del-rio-vivira-una-jornada-de-reactivacion-economica-en-el-buen-fin-2022","status":"publish","type":"post","link":"https:\/\/encuentroinformativo.com.mx\/?p=33628","title":{"rendered":"Boca del R\u00edo vivir\u00e1 una jornada de reactivaci\u00f3n econ\u00f3mica en el Buen Fin 2022"},"content":{"rendered":"\n<p><strong>*<em>Del viernes 18 al lunes 21 de noviembre<\/em>.<\/strong><\/p>\n\n\n\n<p>Boca del R\u00edo, Ver.- Boca del R\u00edo vive una plena reactivaci\u00f3n econ\u00f3mica en todos los sectores de la econom\u00eda, dando la bienvenida a los miles de ciudadanos que visitar\u00e1n los centros comerciales, tiendas departamentales, restaurantes, hoteles, entre otros giros en esta temporada de descuentos del Buen Fin 2022.<\/p>\n\n\n\n<p>Ante ello, el Alcalde de Boca del R\u00edo, Juan Manuel Un\u00e1nue Abascal, ha instruido a las diferentes \u00e1reas de la administraci\u00f3n municipal, para coordinarse y coadyuvar con los tres \u00e1mbitos de gobierno, para que las boque\u00f1as y boque\u00f1os se encuentren seguros a partir del viernes 18 al lunes 21 de noviembre.<\/p>\n\n\n\n<p>Por ello, la Polic\u00eda Municipal, Estatal y Naval, adem\u00e1s del C5, cumplir\u00e1n con la tarea de inhibir y prevenir actos delictivos en todas las zonas donde la actividad econ\u00f3mica tenga mayor presencia por dicho programa nacional, sin descuidar el resto del municipio.<\/p>\n\n\n\n<p>La autoridad municipal, hace las siguientes recomendaciones a los ciudadanos, tal es el caso de evitar hacer uso de cajeros autom\u00e1ticos en lugares solitarios y no aceptar ayuda de extra\u00f1os para su uso.<\/p>\n\n\n\n<p>Al realizar compras en cualquiera de los establecimientos, no perder de vista las tarjetas de cr\u00e9dito o d\u00e9bito al momento de pagar. En caso de requerir acompa\u00f1amiento, acercarse a las autoridades correspondientes y en caso de emergencia comunicarse al 911.<\/p>\n\n\n\n<p>Por \u00faltimo, en caso de realizar compras a trav\u00e9s de internet, verifica que los sitios est\u00e9n certificados, adem\u00e1s de utilizar una conexi\u00f3n segura.<\/p>\n\n\n\n<figure class=\"wp-block-image size-large\"><img loading=\"lazy\" decoding=\"async\" width=\"1024\" height=\"1024\" src=\"https:\/\/encuentroinformativo.com.mx\/wp-content\/uploads\/2022\/11\/DC5031D1-67C3-4112-9185-70E89B7ED3E5-1024x1024.jpeg\" alt=\"\" class=\"wp-image-33629\" srcset=\"https:\/\/encuentroinformativo.com.mx\/wp-content\/uploads\/2022\/11\/DC5031D1-67C3-4112-9185-70E89B7ED3E5-1024x1024.jpeg 1024w, https:\/\/encuentroinformativo.com.mx\/wp-content\/uploads\/2022\/11\/DC5031D1-67C3-4112-9185-70E89B7ED3E5-300x300.jpeg 300w, https:\/\/encuentroinformativo.com.mx\/wp-content\/uploads\/2022\/11\/DC5031D1-67C3-4112-9185-70E89B7ED3E5-150x150.jpeg 150w, https:\/\/encuentroinformativo.com.mx\/wp-content\/uploads\/2022\/11\/DC5031D1-67C3-4112-9185-70E89B7ED3E5-768x768.jpeg 768w, https:\/\/encuentroinformativo.com.mx\/wp-content\/uploads\/2022\/11\/DC5031D1-67C3-4112-9185-70E89B7ED3E5.jpeg 1280w\" sizes=\"auto, (max-width: 1024px) 100vw, 1024px\" \/><\/figure>\n","protected":false},"excerpt":{"rendered":"<p>*Del viernes 18 al lunes 21 de noviembre. Boca del R\u00edo, Ver.- Boca del R\u00edo vive una plena reactivaci\u00f3n econ\u00f3mica en todos los sectores de la econom\u00eda, dando la bienvenida a los miles de ciudadanos que visitar\u00e1n los centros comerciales, tiendas departamentales, restaurantes, hoteles, entre otros giros en esta temporada de descuentos del Buen Fin [&hellip;]<\/p>\n","protected":false},"author":1,"featured_media":33629,"comment_status":"open","ping_status":"open","sticky":false,"template":"","format":"standard","meta":{"_jetpack_memberships_contains_paid_content":false,"footnotes":""},"categories":[2],"tags":[],"class_list":["post-33628","post","type-post","status-publish","format-standard","has-post-thumbnail","hentry","category-estado"],"jetpack_featured_media_url":"https:\/\/encuentroinformativo.com.mx\/wp-content\/uploads\/2022\/11\/DC5031D1-67C3-4112-9185-70E89B7ED3E5.jpeg","jetpack_sharing_enabled":true,"jetpack_likes_enabled":true,"amp_enabled":true,"_links":{"self":[{"href":"https:\/\/encuentroinformativo.com.mx\/index.php?rest_route=\/wp\/v2\/posts\/33628","targetHints":{"allow":["GET"]}}],"collection":[{"href":"https:\/\/encuentroinformativo.com.mx\/index.php?rest_route=\/wp\/v2\/posts"}],"about":[{"href":"https:\/\/encuentroinformativo.com.mx\/index.php?rest_route=\/wp\/v2\/types\/post"}],"author":[{"embeddable":true,"href":"https:\/\/encuentroinformativo.com.mx\/index.php?rest_route=\/wp\/v2\/users\/1"}],"replies":[{"embeddable":true,"href":"https:\/\/encuentroinformativo.com.mx\/index.php?rest_route=%2Fwp%2Fv2%2Fcomments&post=33628"}],"version-history":[{"count":2,"href":"https:\/\/encuentroinformativo.com.mx\/index.php?rest_route=\/wp\/v2\/posts\/33628\/revisions"}],"predecessor-version":[{"id":33631,"href":"https:\/\/encuentroinformativo.com.mx\/index.php?rest_route=\/wp\/v2\/posts\/33628\/revisions\/33631"}],"wp:featuredmedia":[{"embeddable":true,"href":"https:\/\/encuentroinformativo.com.mx\/index.php?rest_route=\/wp\/v2\/media\/33629"}],"wp:attachment":[{"href":"https:\/\/encuentroinformativo.com.mx\/index.php?rest_route=%2Fwp%2Fv2%2Fmedia&parent=33628"}],"wp:term":[{"taxonomy":"category","embeddable":true,"href":"https:\/\/encuentroinformativo.com.mx\/index.php?rest_route=%2Fwp%2Fv2%2Fcategories&post=33628"},{"taxonomy":"post_tag","embeddable":true,"href":"https:\/\/encuentroinformativo.com.mx\/index.php?rest_route=%2Fwp%2Fv2%2Ftags&post=33628"}],"curies":[{"name":"wp","href":"https:\/\/api.w.org\/{rel}","templated":true}]}}