{"id":33634,"date":"2022-11-17T11:58:10","date_gmt":"2022-11-17T17:58:10","guid":{"rendered":"https:\/\/encuentroinformativo.com.mx\/?p=33634"},"modified":"2022-11-17T11:58:13","modified_gmt":"2022-11-17T17:58:13","slug":"institucion-educativa-protegio-a-agresores-acusa-joven","status":"publish","type":"post","link":"https:\/\/encuentroinformativo.com.mx\/?p=33634","title":{"rendered":"Instituci\u00f3n educativa protegi\u00f3 a agresores, acusa joven"},"content":{"rendered":"\n<p><strong>Dar\u00edo Pale<\/strong><\/p>\n\n\n\n<p>Xalapa, Ver.- Compa\u00f1eros de universidad la privan de la libertad, denuncia a universidad privada por no dar apoyo a agredida y s\u00ed a agresores ya que fue v\u00edctima de privaci\u00f3n ilegal de la libertad, lesiones y amenazas por parte de dos de sus compa\u00f1eros sin que haya una sanci\u00f3n para sus agresores.<\/p>\n\n\n\n<p>En conferencia de prensa la estudiante de la carrera de Educaci\u00f3n F\u00edsica y Nutrici\u00f3n Deportiva de la Universidad Eurohispanoamericana, Jessica Paola, dio a conocer que el d\u00eda de los hechos hab\u00edan acudido a una reuni\u00f3n de amigos y dos de sus compa\u00f1eros la trasladaron en su veh\u00edculo a recoger el suyo, pero no la dejaron bajar en el estacionamiento y ah\u00ed la golpearon.<\/p>\n\n\n\n<p>&#8220;No me dejaron bajar, me golpearon, me amenazaron, me dijeron que me iban a dejar tirada en Banderilla, entre otras cosas. Yo confi\u00e9 porque ten\u00eda tres a\u00f1os de amistad con Karen N, ella iba a mi casa&#8221;, se\u00f1al\u00f3.<\/p>\n\n\n\n<p>&#8220;Despu\u00e9s me enter\u00e9 que la persona iba alcoholizada y drogada. Estoy en tratamiento psicol\u00f3gico y psiqui\u00e1trico porque no he podido recuperarme&#8221;, agreg\u00f3.<\/p>\n\n\n\n<p>Dio a conocer que quienes la agredieron son sus compa\u00f1eros de carrera, de sal\u00f3n, Vladimir N y Karen N, \u00a0quienes la privaron de su libertad el 10 de agosto pasado.<\/p>\n\n\n\n<p>&#8220;Yo lo que quiero es pedirle al Gobernador que haya justicia y que la escuela haga algo, que me de el reglamento para ver qu\u00e9 se puede hacer&#8221;, solicit\u00f3.<\/p>\n\n\n\n<p>Su acusaci\u00f3n es directamente contra la instituci\u00f3n de educaci\u00f3n superior privada por no hacer absolutamente nada contra los agresores, al contrario los han protegido.<\/p>\n\n\n\n<p>Acus\u00f3 directamente a la rectora Ruth Mar\u00eda P\u00e9rez, as\u00ed como a los acad\u00e9micos Miguel Fabiel y Emilio Faibre, por no entregar el reglamento que solicit\u00f3 desde hace dos meses, en el que se deben establecer las sanciones por situaciones como la suya.<\/p>\n\n\n\n<p>Su petici\u00f3n de apoyo al Ejecutivo es porque la instituci\u00f3n dio todo su respaldo a los agresores, no los van a expulsar, adem\u00e1s de que a quien ofrecieron cambiarse de sal\u00f3n es a ella y no a quienes la lastimaron.<\/p>\n\n\n\n<p>Finalmente dieron a conocer que la denuncia se present\u00f3 ante la Fiscal\u00eda D\u00e9cima de la Unidad Integral de Procuraci\u00f3n de Justicia de Xalapa para las indagatorias correspondientes.<\/p>\n","protected":false},"excerpt":{"rendered":"<p>Dar\u00edo Pale Xalapa, Ver.- Compa\u00f1eros de universidad la privan de la libertad, denuncia a universidad privada por no dar apoyo a agredida y s\u00ed a agresores ya que fue v\u00edctima de privaci\u00f3n ilegal de la libertad, lesiones y amenazas por parte de dos de sus compa\u00f1eros sin que haya una sanci\u00f3n para sus agresores. En [&hellip;]<\/p>\n","protected":false},"author":1,"featured_media":33635,"comment_status":"open","ping_status":"open","sticky":false,"template":"","format":"standard","meta":{"_jetpack_memberships_contains_paid_content":false,"footnotes":""},"categories":[3],"tags":[],"class_list":["post-33634","post","type-post","status-publish","format-standard","has-post-thumbnail","hentry","category-xalapa"],"jetpack_featured_media_url":"https:\/\/encuentroinformativo.com.mx\/wp-content\/uploads\/2022\/11\/7B5DCF79-F9B7-4D73-A8F2-4CAD95A1C0D0.jpeg","jetpack_sharing_enabled":true,"jetpack_likes_enabled":true,"amp_enabled":true,"_links":{"self":[{"href":"https:\/\/encuentroinformativo.com.mx\/index.php?rest_route=\/wp\/v2\/posts\/33634","targetHints":{"allow":["GET"]}}],"collection":[{"href":"https:\/\/encuentroinformativo.com.mx\/index.php?rest_route=\/wp\/v2\/posts"}],"about":[{"href":"https:\/\/encuentroinformativo.com.mx\/index.php?rest_route=\/wp\/v2\/types\/post"}],"author":[{"embeddable":true,"href":"https:\/\/encuentroinformativo.com.mx\/index.php?rest_route=\/wp\/v2\/users\/1"}],"replies":[{"embeddable":true,"href":"https:\/\/encuentroinformativo.com.mx\/index.php?rest_route=%2Fwp%2Fv2%2Fcomments&post=33634"}],"version-history":[{"count":1,"href":"https:\/\/encuentroinformativo.com.mx\/index.php?rest_route=\/wp\/v2\/posts\/33634\/revisions"}],"predecessor-version":[{"id":33636,"href":"https:\/\/encuentroinformativo.com.mx\/index.php?rest_route=\/wp\/v2\/posts\/33634\/revisions\/33636"}],"wp:featuredmedia":[{"embeddable":true,"href":"https:\/\/encuentroinformativo.com.mx\/index.php?rest_route=\/wp\/v2\/media\/33635"}],"wp:attachment":[{"href":"https:\/\/encuentroinformativo.com.mx\/index.php?rest_route=%2Fwp%2Fv2%2Fmedia&parent=33634"}],"wp:term":[{"taxonomy":"category","embeddable":true,"href":"https:\/\/encuentroinformativo.com.mx\/index.php?rest_route=%2Fwp%2Fv2%2Fcategories&post=33634"},{"taxonomy":"post_tag","embeddable":true,"href":"https:\/\/encuentroinformativo.com.mx\/index.php?rest_route=%2Fwp%2Fv2%2Ftags&post=33634"}],"curies":[{"name":"wp","href":"https:\/\/api.w.org\/{rel}","templated":true}]}}