{"id":3364,"date":"2020-06-15T15:29:16","date_gmt":"2020-06-15T20:29:16","guid":{"rendered":"https:\/\/encuentroinformativo.com\/?p=3364"},"modified":"2020-06-15T15:29:18","modified_gmt":"2020-06-15T20:29:18","slug":"cuestiona-pan-visitas-presidenciales-por-veracruz","status":"publish","type":"post","link":"https:\/\/encuentroinformativo.com.mx\/?p=3364","title":{"rendered":"Cuestiona PAN visitas presidenciales por Veracruz"},"content":{"rendered":"\n<p><strong>Juan Arcos <\/strong><\/p>\n\n\n\n<p>Xalapa, Ver.- El dirigente estatal del Partido Acci\u00f3n Nacional (PAN), Joaqu\u00edn Guzm\u00e1n Avil\u00e9s, cuestion\u00f3 el motivo de la segunda visita del presidente Andr\u00e9s Manuel L\u00f3pez Obrador a Veracruz en menos de 15 d\u00edas, pues, a su juicio, no present\u00f3 acciones concretas para resolver la cr\u00edtica situaci\u00f3n econ\u00f3mica y de salud.<\/p>\n\n\n\n<p>Lament\u00f3 que el Presidente de la Rep\u00fablica haya presentado en d\u00edas pasados un dec\u00e1logo solo de \u201cbuenas intenciones\u201d, lejos de presentar soluciones reales para el pa\u00eds.<\/p>\n\n\n\n<p>\u201cA las y los veracruzanos no nos sirven sus bendiciones, exigimos resultados. Le recordamos al gobierno de Morena que la incapacidad es corrupci\u00f3n, y la corrupci\u00f3n es un delito\u201d.<\/p>\n\n\n\n<p>En ese sentido, el l\u00edder albiazul se sum\u00f3 a la exigencia ciudadana para que el gobierno de Morena cumpla con su trabajo, garantice la protecci\u00f3n de las vidas de los veracruzanos y resuelva la devastaci\u00f3n econ\u00f3mica que vive el pa\u00eds.<\/p>\n\n\n\n<p>Guzm\u00e1n Avil\u00e9s present\u00f3 un dec\u00e1logo depropuestas para que Veracruz logre salir de la crisis sanitaria en la que se encuentra, priorizando una estrategia de salud adecuada que vaya de la mano con la reactivaci\u00f3n econ\u00f3mica.<\/p>\n\n\n\n<p>Entre dichos puntos destaca que el gobierno federal no debe supeditar la estrategia de salud a la discursiva y protagonismo del Presidente<strong>,<\/strong>\u00a0Veracruz ocupa el 5to lugar en contagios y fallecimientos a nivel nacional.<\/p>\n\n\n\n<p>Tambi\u00e9n sugiere generar un plan econ\u00f3mico emergente que considere la reactivaci\u00f3n del pa\u00eds de forma \u00a0 paulatina, ligado a decisiones responsables sobre los casos reales de covid.\u00a0Propone la creaci\u00f3n de un Seguro de Desempleo para todas las personas que quedaron sin trabajo a causa de la pandemia.<\/p>\n\n\n\n<p>\u201cLa Secretar\u00eda Federal del Trabajo reporta 10 mil 488 empleos perdidos en la entidad, para esta acci\u00f3n, debe utilizarse el recurso obtenido por la extinci\u00f3n de fideicomisos en el Estado\u201d.<\/p>\n\n\n\n<p>Adem\u00e1s, considera necesaria la reclasificaci\u00f3n de tarifas de energ\u00eda el\u00e9ctrica para toda la poblaci\u00f3n.<\/p>\n\n\n\n<p>\u201cVeracruz es uno de los estados que mayor producci\u00f3n de energ\u00eda aporta al pa\u00eds, a pesar de eso, pagamos las tarifas m\u00e1s caras. Si lo hizo en Tabasco, que lo haga en Veracruz\u201d.<br>A su juicio, es necesaria una estrategia real de seguridad para frenar los \u00edndices de violencia.<\/p>\n\n\n\n<p>\u201cVeracruz es el sexto estado con mayor n\u00famero de delitos en el pa\u00eds, segundo lugar en secuestros\u201d, a\u00f1adi\u00f3.<\/p>\n\n\n\n<p><\/p>\n","protected":false},"excerpt":{"rendered":"<p>Juan Arcos Xalapa, Ver.- El dirigente estatal del Partido Acci\u00f3n Nacional (PAN), Joaqu\u00edn Guzm\u00e1n Avil\u00e9s, cuestion\u00f3 el motivo de la segunda visita del presidente Andr\u00e9s Manuel L\u00f3pez Obrador a Veracruz en menos de 15 d\u00edas, pues, a su juicio, no present\u00f3 acciones concretas para resolver la cr\u00edtica situaci\u00f3n econ\u00f3mica y de salud. Lament\u00f3 que el [&hellip;]<\/p>\n","protected":false},"author":1,"featured_media":2305,"comment_status":"open","ping_status":"open","sticky":false,"template":"","format":"standard","meta":{"_jetpack_memberships_contains_paid_content":false,"footnotes":""},"categories":[2],"tags":[],"class_list":["post-3364","post","type-post","status-publish","format-standard","has-post-thumbnail","hentry","category-estado"],"jetpack_featured_media_url":"https:\/\/encuentroinformativo.com.mx\/wp-content\/uploads\/2020\/05\/828F4A97-0CE6-48CD-B24A-660008CD42EC.jpeg","jetpack_sharing_enabled":true,"jetpack_likes_enabled":true,"amp_enabled":true,"_links":{"self":[{"href":"https:\/\/encuentroinformativo.com.mx\/index.php?rest_route=\/wp\/v2\/posts\/3364","targetHints":{"allow":["GET"]}}],"collection":[{"href":"https:\/\/encuentroinformativo.com.mx\/index.php?rest_route=\/wp\/v2\/posts"}],"about":[{"href":"https:\/\/encuentroinformativo.com.mx\/index.php?rest_route=\/wp\/v2\/types\/post"}],"author":[{"embeddable":true,"href":"https:\/\/encuentroinformativo.com.mx\/index.php?rest_route=\/wp\/v2\/users\/1"}],"replies":[{"embeddable":true,"href":"https:\/\/encuentroinformativo.com.mx\/index.php?rest_route=%2Fwp%2Fv2%2Fcomments&post=3364"}],"version-history":[{"count":1,"href":"https:\/\/encuentroinformativo.com.mx\/index.php?rest_route=\/wp\/v2\/posts\/3364\/revisions"}],"predecessor-version":[{"id":3365,"href":"https:\/\/encuentroinformativo.com.mx\/index.php?rest_route=\/wp\/v2\/posts\/3364\/revisions\/3365"}],"wp:featuredmedia":[{"embeddable":true,"href":"https:\/\/encuentroinformativo.com.mx\/index.php?rest_route=\/wp\/v2\/media\/2305"}],"wp:attachment":[{"href":"https:\/\/encuentroinformativo.com.mx\/index.php?rest_route=%2Fwp%2Fv2%2Fmedia&parent=3364"}],"wp:term":[{"taxonomy":"category","embeddable":true,"href":"https:\/\/encuentroinformativo.com.mx\/index.php?rest_route=%2Fwp%2Fv2%2Fcategories&post=3364"},{"taxonomy":"post_tag","embeddable":true,"href":"https:\/\/encuentroinformativo.com.mx\/index.php?rest_route=%2Fwp%2Fv2%2Ftags&post=3364"}],"curies":[{"name":"wp","href":"https:\/\/api.w.org\/{rel}","templated":true}]}}