{"id":33641,"date":"2022-11-17T13:59:57","date_gmt":"2022-11-17T19:59:57","guid":{"rendered":"https:\/\/encuentroinformativo.com.mx\/?p=33641"},"modified":"2022-11-17T14:00:02","modified_gmt":"2022-11-17T20:00:02","slug":"tragico-accidente-en-las-vigas-murio-taxista","status":"publish","type":"post","link":"https:\/\/encuentroinformativo.com.mx\/?p=33641","title":{"rendered":"Tr\u00e1gico accidente en Las Vigas, muri\u00f3 taxista"},"content":{"rendered":"\n<p><strong>Juan Arcos<\/strong><\/p>\n\n\n\n<p>Xalapa, Ver.- Un taxista de Xalapa muri\u00f3 en un aparatoso accidente registrado sobre la carretera federal Xalapa-Perote, a la altura de la comunidad Nueva Holanda, municipio de Las Vigas de Ram\u00edrez.<\/p>\n\n\n\n<p>El percance entre la unidad de transporte p\u00fablico y un veh\u00edculo particular ocurri\u00f3 durante la ma\u00f1ana de este jueves 17 de noviembre.<\/p>\n\n\n\n<p>El chofer del taxi, con n\u00famero econ\u00f3mico XL-111, de la capital del estado, se impact\u00f3 contra un veh\u00edculo de la marca Volkswagen-Pointer, color negro.<\/p>\n\n\n\n<p>Cuerpos de emergencia reportaron que otras dos personas resultaron con lesiones de gravedad, luego de que ambas unidades chocaran de frente.<\/p>\n\n\n\n<p>Los heridos fueron identificados como Ricardo Jim\u00e9nez Osario, de 51 a\u00f1os, y su acompa\u00f1ante Rosa Mar\u00eda Hern\u00e1ndez, de 50 a\u00f1os.<\/p>\n\n\n\n<p>Ambos quedaron prensados tras el impacto, por lo que fueron trasladados en ambulancia a un hospital.<\/p>\n\n\n\n<p>Mientras que el taxista, de entre 40 y 50 a\u00f1os, a bordo de un veh\u00edculo Nissan-March, falleci\u00f3 en el sitio y no ha sido identificado.<\/p>\n\n\n\n<p>Personal de la Fiscal\u00eda General del Estado (FGE) llev\u00f3 a cabo el levantamiento de los restos del difunto para llevarlos al Servicio M\u00e9dico Forense (Semefo).<\/p>\n\n\n\n<p>El siniestro fue atendido por polic\u00edas municipales, elementos de Protecci\u00f3n Civil municipal, B\u00fasqueda y Rescate, Fuerza Civil, Bomberos de Xalapa, Fiscal\u00eda y Guardia Nacional.<\/p>\n","protected":false},"excerpt":{"rendered":"<p>Juan Arcos Xalapa, Ver.- Un taxista de Xalapa muri\u00f3 en un aparatoso accidente registrado sobre la carretera federal Xalapa-Perote, a la altura de la comunidad Nueva Holanda, municipio de Las Vigas de Ram\u00edrez. El percance entre la unidad de transporte p\u00fablico y un veh\u00edculo particular ocurri\u00f3 durante la ma\u00f1ana de este jueves 17 de noviembre. [&hellip;]<\/p>\n","protected":false},"author":1,"featured_media":33642,"comment_status":"open","ping_status":"open","sticky":false,"template":"","format":"standard","meta":{"_jetpack_memberships_contains_paid_content":false,"footnotes":""},"categories":[8],"tags":[],"class_list":["post-33641","post","type-post","status-publish","format-standard","has-post-thumbnail","hentry","category-region"],"jetpack_featured_media_url":"https:\/\/encuentroinformativo.com.mx\/wp-content\/uploads\/2022\/11\/B40BD30B-EE7E-4978-8057-AFB3826E7450.jpeg","jetpack_sharing_enabled":true,"jetpack_likes_enabled":true,"amp_enabled":true,"_links":{"self":[{"href":"https:\/\/encuentroinformativo.com.mx\/index.php?rest_route=\/wp\/v2\/posts\/33641","targetHints":{"allow":["GET"]}}],"collection":[{"href":"https:\/\/encuentroinformativo.com.mx\/index.php?rest_route=\/wp\/v2\/posts"}],"about":[{"href":"https:\/\/encuentroinformativo.com.mx\/index.php?rest_route=\/wp\/v2\/types\/post"}],"author":[{"embeddable":true,"href":"https:\/\/encuentroinformativo.com.mx\/index.php?rest_route=\/wp\/v2\/users\/1"}],"replies":[{"embeddable":true,"href":"https:\/\/encuentroinformativo.com.mx\/index.php?rest_route=%2Fwp%2Fv2%2Fcomments&post=33641"}],"version-history":[{"count":1,"href":"https:\/\/encuentroinformativo.com.mx\/index.php?rest_route=\/wp\/v2\/posts\/33641\/revisions"}],"predecessor-version":[{"id":33643,"href":"https:\/\/encuentroinformativo.com.mx\/index.php?rest_route=\/wp\/v2\/posts\/33641\/revisions\/33643"}],"wp:featuredmedia":[{"embeddable":true,"href":"https:\/\/encuentroinformativo.com.mx\/index.php?rest_route=\/wp\/v2\/media\/33642"}],"wp:attachment":[{"href":"https:\/\/encuentroinformativo.com.mx\/index.php?rest_route=%2Fwp%2Fv2%2Fmedia&parent=33641"}],"wp:term":[{"taxonomy":"category","embeddable":true,"href":"https:\/\/encuentroinformativo.com.mx\/index.php?rest_route=%2Fwp%2Fv2%2Fcategories&post=33641"},{"taxonomy":"post_tag","embeddable":true,"href":"https:\/\/encuentroinformativo.com.mx\/index.php?rest_route=%2Fwp%2Fv2%2Ftags&post=33641"}],"curies":[{"name":"wp","href":"https:\/\/api.w.org\/{rel}","templated":true}]}}