{"id":33648,"date":"2022-11-17T17:21:19","date_gmt":"2022-11-17T23:21:19","guid":{"rendered":"https:\/\/encuentroinformativo.com.mx\/?p=33648"},"modified":"2022-11-17T17:21:23","modified_gmt":"2022-11-17T23:21:23","slug":"invitan-a-baile-con-causa-a-favor-de-laura-alejandra","status":"publish","type":"post","link":"https:\/\/encuentroinformativo.com.mx\/?p=33648","title":{"rendered":"Invitan a \u2018Baile con causa\u2019 a favor de Laura Alejandra"},"content":{"rendered":"\n<p><strong>Dar\u00edo Pale<\/strong><\/p>\n\n\n\n<p>Xalapa, Ver.- Realizar\u00e1n en Xalapa el evento \u201cBaila con causa\u201d, donde se reunir\u00e1n artistas locales de diversos g\u00e9neros, esto con el objetivo de recaudar recursos para el tratamiento de la se\u00f1ora Laura Alejandra Tello Hern\u00e1ndez, quien fue diagnosticada el pasado mes de octubre con C\u00e1ncer de mam\u00e1 en tercera etapa.<\/p>\n\n\n\n<p>Por lo anterior invitan a los Xalape\u00f1os a que asista al Baile con causa, su hija Cinthia Carolina Platas coment\u00f3 que, &#8220;mi mam\u00e1 fue diagnosticada con C\u00e1ncer de mama, ya lleva dos quimioterapias pero el tratamiento es m\u00e1s amplio\u201d.<\/p>\n\n\n\n<p>Explic\u00f3 que el baile ser\u00e1 el pr\u00f3ximo viernes 18 de noviembre en el Sal\u00f3n Caracol en Xalapa.<\/p>\n\n\n\n<p>Los grupos musicales que amenizar\u00e1n desde las 19:00 hasta las 3:00 de la ma\u00f1ana son: Nativo Show \u201cEl peligro tropical de M\u00e9xico\u201d, Orquesta de Salsa Mayabe, Ricos Tiempos, Tr\u00edo Piel Canela, entre otros.<\/p>\n\n\n\n<p>El donativo ser\u00e1 de 150 pesos y 180 pesos el d\u00eda del evento, con derecho a un boleto de una rifa donde podr\u00e1n participar para ganar diversos premios.<\/p>\n\n\n\n<p>Finalmente reiter\u00f3 la invitaci\u00f3n a la ciudadan\u00eda xalape\u00f1a para que asistan y sean parte de esta noble causa, \u201cesperamos que nos acompa\u00f1en en este baile con causa, ah\u00ed se vender\u00e1n alimentos y bebidas, adem\u00e1s se la pasar\u00e1n muy bien\u201d.<\/p>\n\n\n\n<figure class=\"wp-block-image size-large\"><img loading=\"lazy\" decoding=\"async\" width=\"576\" height=\"1024\" src=\"https:\/\/encuentroinformativo.com.mx\/wp-content\/uploads\/2022\/11\/BA609CE7-E1B6-44C7-9CEF-4C51FBC68E91-576x1024.jpeg\" alt=\"\" class=\"wp-image-33649\" srcset=\"https:\/\/encuentroinformativo.com.mx\/wp-content\/uploads\/2022\/11\/BA609CE7-E1B6-44C7-9CEF-4C51FBC68E91-576x1024.jpeg 576w, https:\/\/encuentroinformativo.com.mx\/wp-content\/uploads\/2022\/11\/BA609CE7-E1B6-44C7-9CEF-4C51FBC68E91-169x300.jpeg 169w, https:\/\/encuentroinformativo.com.mx\/wp-content\/uploads\/2022\/11\/BA609CE7-E1B6-44C7-9CEF-4C51FBC68E91.jpeg 720w\" sizes=\"auto, (max-width: 576px) 100vw, 576px\" \/><\/figure>\n","protected":false},"excerpt":{"rendered":"<p>Dar\u00edo Pale Xalapa, Ver.- Realizar\u00e1n en Xalapa el evento \u201cBaila con causa\u201d, donde se reunir\u00e1n artistas locales de diversos g\u00e9neros, esto con el objetivo de recaudar recursos para el tratamiento de la se\u00f1ora Laura Alejandra Tello Hern\u00e1ndez, quien fue diagnosticada el pasado mes de octubre con C\u00e1ncer de mam\u00e1 en tercera etapa. Por lo anterior [&hellip;]<\/p>\n","protected":false},"author":1,"featured_media":33649,"comment_status":"open","ping_status":"open","sticky":false,"template":"","format":"standard","meta":{"_jetpack_memberships_contains_paid_content":false,"footnotes":""},"categories":[3],"tags":[],"class_list":["post-33648","post","type-post","status-publish","format-standard","has-post-thumbnail","hentry","category-xalapa"],"jetpack_featured_media_url":"https:\/\/encuentroinformativo.com.mx\/wp-content\/uploads\/2022\/11\/BA609CE7-E1B6-44C7-9CEF-4C51FBC68E91.jpeg","jetpack_sharing_enabled":true,"jetpack_likes_enabled":true,"amp_enabled":true,"_links":{"self":[{"href":"https:\/\/encuentroinformativo.com.mx\/index.php?rest_route=\/wp\/v2\/posts\/33648","targetHints":{"allow":["GET"]}}],"collection":[{"href":"https:\/\/encuentroinformativo.com.mx\/index.php?rest_route=\/wp\/v2\/posts"}],"about":[{"href":"https:\/\/encuentroinformativo.com.mx\/index.php?rest_route=\/wp\/v2\/types\/post"}],"author":[{"embeddable":true,"href":"https:\/\/encuentroinformativo.com.mx\/index.php?rest_route=\/wp\/v2\/users\/1"}],"replies":[{"embeddable":true,"href":"https:\/\/encuentroinformativo.com.mx\/index.php?rest_route=%2Fwp%2Fv2%2Fcomments&post=33648"}],"version-history":[{"count":1,"href":"https:\/\/encuentroinformativo.com.mx\/index.php?rest_route=\/wp\/v2\/posts\/33648\/revisions"}],"predecessor-version":[{"id":33650,"href":"https:\/\/encuentroinformativo.com.mx\/index.php?rest_route=\/wp\/v2\/posts\/33648\/revisions\/33650"}],"wp:featuredmedia":[{"embeddable":true,"href":"https:\/\/encuentroinformativo.com.mx\/index.php?rest_route=\/wp\/v2\/media\/33649"}],"wp:attachment":[{"href":"https:\/\/encuentroinformativo.com.mx\/index.php?rest_route=%2Fwp%2Fv2%2Fmedia&parent=33648"}],"wp:term":[{"taxonomy":"category","embeddable":true,"href":"https:\/\/encuentroinformativo.com.mx\/index.php?rest_route=%2Fwp%2Fv2%2Fcategories&post=33648"},{"taxonomy":"post_tag","embeddable":true,"href":"https:\/\/encuentroinformativo.com.mx\/index.php?rest_route=%2Fwp%2Fv2%2Ftags&post=33648"}],"curies":[{"name":"wp","href":"https:\/\/api.w.org\/{rel}","templated":true}]}}