{"id":33654,"date":"2022-11-18T09:13:54","date_gmt":"2022-11-18T15:13:54","guid":{"rendered":"https:\/\/encuentroinformativo.com.mx\/?p=33654"},"modified":"2022-11-18T09:14:00","modified_gmt":"2022-11-18T15:14:00","slug":"el-aplausometro","status":"publish","type":"post","link":"https:\/\/encuentroinformativo.com.mx\/?p=33654","title":{"rendered":"EL APLAUS\u00d3METRO"},"content":{"rendered":"\n<p><strong>Los Pol\u00edticos<\/strong><\/p>\n\n\n\n<p><strong>Salvador Mu\u00f1oz<\/strong><\/p>\n\n\n\n<p>Ya no se diga qui\u00e9n se llev\u00f3 el Aplaus\u00f3metro entre los miembros del Gabinete\u2026 la pregunta es con qui\u00e9n estuvo m\u00e1s apagado\u2026<\/p>\n\n\n\n<p>Hablamos al momento en que casi terminando el Cuarto Informe de Gobierno, Cuitl\u00e1huac Garc\u00eda Jim\u00e9nez cita a cada uno de los integrantes de su equipo que lo han acompa\u00f1ado en su gobierno y as\u00ed, uno por uno, sinti\u00f3 el calor de los matraqueros, de la porra, de los amigos\u2026 y de las palmas del desd\u00e9n\u2026<\/p>\n\n\n\n<p>La sorpresa fue Jos\u00e9 Luis Lima Franco, tanto por ser el primero en ser nombrado por el mandatario como por el c\u00e1lido recibimiento. Sus bienquerientes dicen que el Aplaus\u00f3metro son\u00f3 fuerte, muy fuerte\u2026 quiz\u00e1s por ser oriundo del norte, dijeron algunos\u2026 quiz\u00e1s por ser el primero en ser mencionado, dijeron otros\u2026 o por ser el de la lana, citaron algunos m\u00e1s\u2026 no creo que haya sido el GPS (\u201cSituechion Geo-Politik\u201d, por sus siglas cheksperianas) porque de ser as\u00ed, hubiera sonado igual cuando ya casi al final, Cuitl\u00e1huac cit\u00f3 a la pozarricense Cecilia Guevara Guembe \u00a1y ni ruido hizo la ex presidenta de la Mesa Directiva! \u00a1Huy! \u00a1Pero c\u00f3mo son\u00f3 con Maguito Corro! \u00a1Y m\u00e1s son\u00f3 con Juan Javier G\u00f3mez Cazar\u00edn!<\/p>\n\n\n\n<p>En lo particular, en el caso de Lima Franco, las palmas sonaron igual que cuando pas\u00f3 Lupita Osorno Maldonado\u2026 \u00a1vamos! \u00a1Mera cuesti\u00f3n de sensibilidad auditiva!<\/p>\n\n\n\n<p>Cuando toc\u00f3 el turno de Enrique Nach\u00f3n, baj\u00f3 un poquito la aguja del Aplaus\u00f3metro que subi\u00f3 ligeramente cuando mencionaron a la secre del Trabajo, Dorheny Garc\u00eda Cayetano, cuya ovaci\u00f3n ya fue acompa\u00f1ada de algunos \u201c\u00a1Bravooo!\u201d<\/p>\n\n\n\n<p>Casi a la misma escala que Enrique Nach\u00f3n, se oy\u00f3 la titular del Programa de Gobierno, Waltraud Mart\u00ednez Olvera, quien no tuvo empacho en presumir los hombros\u2026 En el mismo tenor se oy\u00f3 Cuauht\u00e9moc Z\u00fa\u00f1iga, secretario de Seguridad P\u00fablica. Es como si hubiera un est\u00e1ndar en las ovaciones en general, porque siendo sinceros, ni cuatro quincenas ha de haber cobrado Cuau para que le dieran calorcito de esa forma\u2026<\/p>\n\n\n\n<p>A lo mejor es mi imaginaci\u00f3n, pero estoy seguro que el mismo Cuitl\u00e1huac Garc\u00eda Jim\u00e9nez hasta hizo \u00e9nfasis a la hora de pronunciar el nombre del secretario de Educaci\u00f3n, Zenyazen Escobar, quien a la menci\u00f3n, el respetable alz\u00f3 la aclamaci\u00f3n m\u00e1s all\u00e1 de lo que se hab\u00eda escuchado\u2026<\/p>\n\n\n\n<p>El detalle viene con el siguiente convidado: Eric Cisneros Burgos, secretario de Gobierno. L\u00edneas arribas hab\u00edamos comentado como que hab\u00eda un est\u00e1ndar en las ovaciones donde se o\u00eda parejo el clamor para el resto\u2026 con Bola 8, \u00a1pum! la aguja del Aplaus\u00f3metro baj\u00f3 como la temperatura en Xalapa: \u00a1de golpe! \u00a1Vamos! Para que esa agujita volviera al est\u00e1ndar al ser mencionado el bro de Waltraud, el secretario de Turismo (el de a devis, no Cisneros Burgos), Iv\u00e1n Mart\u00ednez Olvera, mucho habla del \u201ccarisma\u201d de Bola 8\u2026 \u00a1Hasta la directora de Cultura, Silvia Alejandr\u00e9 son\u00f3 m\u00e1s fuerte que el cuenque\u00f1o igual que Evaristo Ovando Ram\u00edrez, el de Sedarpa!<\/p>\n\n\n\n<p>El Aplaus\u00f3metro volvi\u00f3 a subir cuando citaron al cu\u00f1ado (todo en familia) de Dorheny, Elio Hern\u00e1ndez Guti\u00e9rrez, pero sin alcanzar los niveles de Zenyazen\u2026<\/p>\n\n\n\n<p>Quiz\u00e1s los que vinieron a salvar a Bola 8 fueron Giovanni Canela, de la Oficina de Gobierno, as\u00ed como la Contralora Meche Santoyo, adem\u00e1s de Iv\u00e1n Joseph Luna, el de Comunicaci\u00f3n Social. Estos tres fueron los m\u00e1s apagados. Buena ovaci\u00f3n tuvo la directora del DIF, Rebeca Barcel\u00f3 al igual que Memo Fern\u00e1ndez S\u00e1nchez, el de Sedesol y el doctor Gerardo D\u00edaz Morales adem\u00e1s de Daniela Griego, directora de Pensiones del Estado, a quien el gober le mat\u00f3 un pollo en su informe.<\/p>\n\n\n\n<p>Juan Carlos Bautista, el de Medio Ambiente, tuvo buena medida en el Aplaus\u00f3metro, a pesar de lo que se dice de \u00e9l\u2026 chismes que van desde que habr\u00e1 despidos, que busca una curul por un distrito de Xalapa, supuestas acusaciones por acoso que la Unidad de G\u00e9nero batea por ser varones los que acusan\u2026 \u00bfo porque es al secretario al que acusan? y la otra lindeza, es que cambi\u00f3 a su Director Jur\u00eddico para que en pr\u00f3ximos d\u00edas ocupe ese cargo Gabriela Guadalupe Aguirre, su actual secretaria particular.<\/p>\n\n\n\n<p>Un detalle de cortes\u00eda pol\u00edtica ocurri\u00f3 cuando pas\u00f3 al presidium Zenyazen Escobar: le cedi\u00f3 el espacio al secretario de Gobierno, Bola 8, para que quedara adentro. No as\u00ed ocurri\u00f3 con el titular de Salud, Gerardo D\u00edaz quien dej\u00f3 afuera, a la orilla, a Daniela Griego\u2026 \u00a1cortes\u00eda simple, pues!<\/p>\n\n\n\n<p>Roc\u00edo Nahle igual tuvo su oportunidad en el Aplaus\u00f3metro y tuvo buena recepci\u00f3n pues aparte de la ovaci\u00f3n hubo coro de su nombre\u2026<\/p>\n\n\n\n<p>Y si bien, el Aplaus\u00f3metro se lo llev\u00f3 Zenyazen, la gran pregunta fue \u00bfpor qu\u00e9 el gobernador inici\u00f3 con Lima Franco en la menci\u00f3n del equipo, tercero en jerarqu\u00eda, y no con su secretario de Gobierno? \u00a1Sepa!<\/p>\n","protected":false},"excerpt":{"rendered":"<p>Los Pol\u00edticos Salvador Mu\u00f1oz Ya no se diga qui\u00e9n se llev\u00f3 el Aplaus\u00f3metro entre los miembros del Gabinete\u2026 la pregunta es con qui\u00e9n estuvo m\u00e1s apagado\u2026 Hablamos al momento en que casi terminando el Cuarto Informe de Gobierno, Cuitl\u00e1huac Garc\u00eda Jim\u00e9nez cita a cada uno de los integrantes de su equipo que lo han acompa\u00f1ado [&hellip;]<\/p>\n","protected":false},"author":1,"featured_media":387,"comment_status":"open","ping_status":"open","sticky":false,"template":"","format":"standard","meta":{"_jetpack_memberships_contains_paid_content":false,"footnotes":""},"categories":[11],"tags":[],"class_list":["post-33654","post","type-post","status-publish","format-standard","has-post-thumbnail","hentry","category-opinion"],"jetpack_featured_media_url":"https:\/\/encuentroinformativo.com.mx\/wp-content\/uploads\/2020\/03\/7CF8A22B-2764-47BE-8F7F-38FE9E5D6A2F.jpeg","jetpack_sharing_enabled":true,"jetpack_likes_enabled":true,"amp_enabled":true,"_links":{"self":[{"href":"https:\/\/encuentroinformativo.com.mx\/index.php?rest_route=\/wp\/v2\/posts\/33654","targetHints":{"allow":["GET"]}}],"collection":[{"href":"https:\/\/encuentroinformativo.com.mx\/index.php?rest_route=\/wp\/v2\/posts"}],"about":[{"href":"https:\/\/encuentroinformativo.com.mx\/index.php?rest_route=\/wp\/v2\/types\/post"}],"author":[{"embeddable":true,"href":"https:\/\/encuentroinformativo.com.mx\/index.php?rest_route=\/wp\/v2\/users\/1"}],"replies":[{"embeddable":true,"href":"https:\/\/encuentroinformativo.com.mx\/index.php?rest_route=%2Fwp%2Fv2%2Fcomments&post=33654"}],"version-history":[{"count":1,"href":"https:\/\/encuentroinformativo.com.mx\/index.php?rest_route=\/wp\/v2\/posts\/33654\/revisions"}],"predecessor-version":[{"id":33655,"href":"https:\/\/encuentroinformativo.com.mx\/index.php?rest_route=\/wp\/v2\/posts\/33654\/revisions\/33655"}],"wp:featuredmedia":[{"embeddable":true,"href":"https:\/\/encuentroinformativo.com.mx\/index.php?rest_route=\/wp\/v2\/media\/387"}],"wp:attachment":[{"href":"https:\/\/encuentroinformativo.com.mx\/index.php?rest_route=%2Fwp%2Fv2%2Fmedia&parent=33654"}],"wp:term":[{"taxonomy":"category","embeddable":true,"href":"https:\/\/encuentroinformativo.com.mx\/index.php?rest_route=%2Fwp%2Fv2%2Fcategories&post=33654"},{"taxonomy":"post_tag","embeddable":true,"href":"https:\/\/encuentroinformativo.com.mx\/index.php?rest_route=%2Fwp%2Fv2%2Ftags&post=33654"}],"curies":[{"name":"wp","href":"https:\/\/api.w.org\/{rel}","templated":true}]}}