{"id":33658,"date":"2022-11-18T12:11:43","date_gmt":"2022-11-18T18:11:43","guid":{"rendered":"https:\/\/encuentroinformativo.com.mx\/?p=33658"},"modified":"2022-11-18T12:11:48","modified_gmt":"2022-11-18T18:11:48","slug":"madre-defiende-a-su-hija-acusada-de-presunto-feminicidio","status":"publish","type":"post","link":"https:\/\/encuentroinformativo.com.mx\/?p=33658","title":{"rendered":"Madre defiende a su hija acusada de presunto feminicidio"},"content":{"rendered":"\n<p><strong>Dar\u00edo Pale<\/strong><\/p>\n\n\n\n<p>Xalapa, Ver.- La se\u00f1ora Lorena Lara Fonseca solicita que se le haga justicia a su hija Andrea Aguilar Jara ya que fue sentenciada de manera injusta por el feminicidio de su amiga Silvia Jazm\u00edn Armend\u00e1riz Alpuche por la fiscal Ines Mendoza Ayoctle ya que fabricaron testigos.<\/p>\n\n\n\n<p>En conferencia de prensa la mam\u00e1 de la acusada dio a conocer que su hija desde el primer momento colabor\u00f3 con la Fiscal\u00eda y actualmente es una v\u00edctima m\u00e1s del p\u00e9simo sistema de justicia que se tiene en el pa\u00eds, es v\u00edctima de una fiscal que es incapaz de realizar su trabajo como debe de ser.<\/p>\n\n\n\n<p>&#8220;Como siempre fabrican testigos, fabrican pruebas, para inculpar a gente inocente y as\u00ed resolver sus casos al vapor, mi hija fue condenada sentenciada a 70 a\u00f1os de prision por un delito que no cometi\u00f3, a ella la involucraron fabricando cinco testigos que protegieron con la imagen de testigos protegidos, la fiscal en todo momento obstruyo la investigaci\u00f3n&#8221;, acus\u00f3.<\/p>\n\n\n\n<p>Dio a conocer que su hija particip\u00f3 desde el primer momento activamente en la integraci\u00f3n de la carpeta de investigaci\u00f3n debido a que se trataba de su amiga Silvia Jazm\u00edn a quien asesinaron el 14 d agosto del 2019, colabor\u00f3 en todo momento incluso dej\u00f3 su tel\u00e9fono en custodia en la fiscal\u00eda.<\/p>\n\n\n\n<p>&#8220;Andrea desde el primer momento apoy\u00f3 a la familia y colabor\u00f3 con la Fiscal del caso In\u00e9s Mendoza Ayoctle, aportando toda la informaci\u00f3n que era de su conocimiento y constancia, incluso, dej\u00f3 su equipo celular en cadena de custodia en la Fiscal\u00eda, para que extrajeran la informaci\u00f3n que coadyuvara con la investigaci\u00f3n&#8221;, se\u00f1al\u00f3.<\/p>\n\n\n\n<p>No obstante, dijo que a la familia Armend\u00e1riz Alpuche y a la Fiscal Mendoza se les ocurri\u00f3 que Andrea se\u00f1alara al ex novio de la occisa, ya que ellos sospechaban de \u00e9l, pero no ten\u00edan pruebas; a lo que Andrea se neg\u00f3 porque no le constaba ese hecho, la familia se molest\u00f3 y se retiraron de Andrea.<\/p>\n\n\n\n<p>&#8220;Al ex novio de Silvia Jazm\u00edn lo detuvieron en julio del 2020, ya que \u00e9l hab\u00eda huido en cuanto apareci\u00f3 el cuerpo sin vida de Silvia Jazm\u00edn y como a partir de ese momento la familia Armend\u00e1riz Alpuche contrat\u00f3 a la licenciada Juana Isabel Morales Aguirre como Asesora Jur\u00eddica, buscaron a Andrea para que los apoyara en esclarecer algunas dudas de la licenciada Morales&#8221;, coment\u00f3.<\/p>\n\n\n\n<p>&#8220;Con respecto a la carpeta de investigaci\u00f3n, y en las reuniones que tuvo con ella siempre la presion\u00f3 para que declarara agresiones del exnovio en contra de Silvia Jazm\u00edn, dici\u00e9ndole que podr\u00eda ser testigo protegido y que nadie sabr\u00eda que era ella, pero Andrea se neg\u00f3 a declarar en falsedad&#8221;, agreg\u00f3.<\/p>\n\n\n\n<p>Asimismo, detall\u00f3 que el 3 de diciembre del 2020 Andrea Aguilar Jara fue detenida con una orden de aprehensi\u00f3n acusada de copart\u00edcipe del feminicidio de Silvia Jazm\u00edn Armend\u00e1riz Alpuche, derivado de las declaraciones de 5 personas que se presentaron a declarar en la Fiscal\u00eda principalmente en contra de Andrea, a quienes la Fiscal\u00eda In\u00e9s Mendoza Ayoctle protegi\u00f3 con identidad resguardada.<\/p>\n\n\n\n<p>&#8220;El testigo TOI que declar\u00f3 que era amigo de Jazm\u00edn y Andrea, y que \u00e9sta siempre trataba mal e insultaba a Jazm\u00edn; Testigo T 02 que declar\u00f3 el 8 de septiembre del 2020 en la Fiscal\u00eda, que \u00e9l presenci\u00f3 cuando el exnovio de Jazm\u00edn le dio un balazo en la cabeza y que Andrea estaba con ellos&#8221;, dijo.<\/p>\n\n\n\n<p>&#8220;Testigo T03 que igual declara que Andrea trataba mal a Jazm\u00edn y abusaba de su amistad, el Testigo T04 que declar\u00f3 que \u00e9l sal\u00eda de fiesta con Jazm\u00edn y Andrea y que en una ocasi\u00f3n el ex novio le puso una pistola en la cabeza a Jazm\u00edn y Andrea se ri\u00f3 de la situaci\u00f3n y la Testigo T05 que dice haber visto a un hombre y una mujer meter un cuerpo en la cajuela del carro&#8221;, se\u00f1al\u00f3.<\/p>\n\n\n\n<p>La madre de la afectada indic\u00f3 que cuando Andrea fue presentada ante la Jueza de Control, Tomasa Delgado Serna, esta le dict\u00f3 la medida cautelar de prisi\u00f3n preventiva oficiosa, sin valorar que Andrea siempre estuvo presente, que particip\u00f3 activamente en la carpeta de investigaci\u00f3n.<\/p>\n\n\n\n<p>&#8220;Nunca tuvo intenci\u00f3n de huir, no tiene antecedentes penales y no es un peligro para la sociedad, violando as\u00ed su presunci\u00f3n de inocencia y dejando de aplicar otras medidas cautelares que no la privaran de su libertad. El d\u00eda 8 de diciembre del 2020 la vincul\u00f3 a proceso, desestimando las declaraciones de los testigos con los que Andrea estuvo cenando el 14 de agosto del 2019 desde las 9:00 a las 11:45 pm, tomando solo en consideraci\u00f3n un an\u00e1lisis t\u00e9cnico que present\u00f3 el Perito en Tecnolog\u00eda de la Fiscal\u00eda de Minatitl\u00e1n, Marco Antonio Sol\u00eds Salgado, sobre la ubicaci\u00f3n de los celulares de Andrea, Jazm\u00edn y el exnovio&#8221;, dijo.<\/p>\n\n\n\n<p>De manera que se\u00f1al\u00f3 que llevar \u00a0a cabo el periodo de investigaci\u00f3n fue tortuoso, ya que la Fiscal Mendoza obstaculiz\u00f3 en todo momento la aportaci\u00f3n de informaci\u00f3n a la defensa de Andrea.<\/p>\n\n\n\n<p>&#8220;En el juicio Oral presidido por el Juez Florencio Hern\u00e1ndez Espinoza, en todo momento se condujo con parcialidad beneficiando a la Fiscal y la asesora Jur\u00eddica, sin respetar la legalidad y el debido proceso, motivo por el cual se interpuso una queja sobre su actuar ante el Consejo de la Judicatura&#8221;.<\/p>\n\n\n\n<p>Adem\u00e1s, agreg\u00f3 que en el Juicio oral se demostr\u00f3 que los testigos ment\u00edan, y ellos mismos se contradijeron en sus declaraciones.<\/p>\n\n\n\n<p>&#8220;El T02 quien dijo haber presenciado el asesinato y que se present\u00f3 el 8 de septiembre del 2020 a presentar su declaraci\u00f3n a la Fiscal\u00eda, result\u00f3 que \u00e9l estuvo internado en el CERESO de Coatzacoalcos, por un proceso de pederastia de octubre de 2019 a octubre de 2020, a lo que el Juez solamente dej\u00f3 sin efecto esa prueba por ser il\u00edcita sin valorar que era a favor de Andrea&#8221;.<\/p>\n\n\n\n<p>De igual forma, el T04 se encuentra recluido en el CERESO acusado de delincuencia organizada y narcotr\u00e1fico desde Julio del 2022, por lo que se tuvo que reprogramar una fecha de la audiencia para que tramitaran su traslado del penal al edificio de juicios orales, quien al ser interrogado por la defensa declar\u00f3 que \u00e9l no frecuentaba a Andrea y nunca hab\u00eda salido con ella contrario a su propia declaraci\u00f3n.<\/p>\n\n\n\n<p>&#8220;La Testigo T05 originaria del Estado de Nuevo Le\u00f3n en la Audiencia declar\u00f3 que ella lleg\u00f3 a Minatitl\u00e1n el d\u00eda 19 de agosto del 2019 y el homicidio ocurri\u00f3 el 14 de agosto del 2019. De igual forma se demostr\u00f3 en el Juicio que el Perito Marco Antonio Sol\u00eds, manipul\u00f3 la informaci\u00f3n para realizar el an\u00e1lisis de geolocalizaci\u00f3n en el cual ubica a Andrea en el supuesto lugar de los hechos, ya que el IMEI y el n\u00famero de celular que utiliz\u00f3 no corresponden al equipo celular de Andrea&#8221;.<\/p>\n\n\n\n<p>No obstante todo lo anterior, el Juez Florencio Hern\u00e1ndez Espinoza dej\u00f3 de darle valor probatorio a las probanzas que demostraban la inocencia de Andrea, para condenarla a 70 a\u00f1os de prisi\u00f3n con el Testimonio de la T05 que no se encontraba en Minatitl\u00e1n el 19 de agosto del 2019 y con el an\u00e1lisis del Perito Sol\u00eds que fue realizado con un n\u00famero de celular que no corresponde al de Andrea.<\/p>\n\n\n\n<p>Finalmente dio a conocer que, &#8220;Por todo lo manifestado y respaldado con pruebas y video grabaciones de las Audiencias, queda demostrado que mi hija Andrea Aguilar Lara es inocente y es v\u00edctima del decr\u00e9pito, deficiente y corrupto sistema judicial que tenemos en nuestro pa\u00eds, es una estad\u00edstica m\u00e1s de la falta de profesionalismo, capacidad y honestidad del trabajo que realizan algunas Fiscales que fabrican testigos y pruebas para resolver los casos, as\u00ed como las Jueces que se confabulan y se tapan con la misma cobija&#8221;.<\/p>\n","protected":false},"excerpt":{"rendered":"<p>Dar\u00edo Pale Xalapa, Ver.- La se\u00f1ora Lorena Lara Fonseca solicita que se le haga justicia a su hija Andrea Aguilar Jara ya que fue sentenciada de manera injusta por el feminicidio de su amiga Silvia Jazm\u00edn Armend\u00e1riz Alpuche por la fiscal Ines Mendoza Ayoctle ya que fabricaron testigos. En conferencia de prensa la mam\u00e1 de [&hellip;]<\/p>\n","protected":false},"author":1,"featured_media":33659,"comment_status":"open","ping_status":"open","sticky":false,"template":"","format":"standard","meta":{"_jetpack_memberships_contains_paid_content":false,"footnotes":""},"categories":[3],"tags":[],"class_list":["post-33658","post","type-post","status-publish","format-standard","has-post-thumbnail","hentry","category-xalapa"],"jetpack_featured_media_url":"https:\/\/encuentroinformativo.com.mx\/wp-content\/uploads\/2022\/11\/4E0598FF-790E-4CFE-A92E-94BC9219F9B6.jpeg","jetpack_sharing_enabled":true,"jetpack_likes_enabled":true,"amp_enabled":true,"_links":{"self":[{"href":"https:\/\/encuentroinformativo.com.mx\/index.php?rest_route=\/wp\/v2\/posts\/33658","targetHints":{"allow":["GET"]}}],"collection":[{"href":"https:\/\/encuentroinformativo.com.mx\/index.php?rest_route=\/wp\/v2\/posts"}],"about":[{"href":"https:\/\/encuentroinformativo.com.mx\/index.php?rest_route=\/wp\/v2\/types\/post"}],"author":[{"embeddable":true,"href":"https:\/\/encuentroinformativo.com.mx\/index.php?rest_route=\/wp\/v2\/users\/1"}],"replies":[{"embeddable":true,"href":"https:\/\/encuentroinformativo.com.mx\/index.php?rest_route=%2Fwp%2Fv2%2Fcomments&post=33658"}],"version-history":[{"count":1,"href":"https:\/\/encuentroinformativo.com.mx\/index.php?rest_route=\/wp\/v2\/posts\/33658\/revisions"}],"predecessor-version":[{"id":33660,"href":"https:\/\/encuentroinformativo.com.mx\/index.php?rest_route=\/wp\/v2\/posts\/33658\/revisions\/33660"}],"wp:featuredmedia":[{"embeddable":true,"href":"https:\/\/encuentroinformativo.com.mx\/index.php?rest_route=\/wp\/v2\/media\/33659"}],"wp:attachment":[{"href":"https:\/\/encuentroinformativo.com.mx\/index.php?rest_route=%2Fwp%2Fv2%2Fmedia&parent=33658"}],"wp:term":[{"taxonomy":"category","embeddable":true,"href":"https:\/\/encuentroinformativo.com.mx\/index.php?rest_route=%2Fwp%2Fv2%2Fcategories&post=33658"},{"taxonomy":"post_tag","embeddable":true,"href":"https:\/\/encuentroinformativo.com.mx\/index.php?rest_route=%2Fwp%2Fv2%2Ftags&post=33658"}],"curies":[{"name":"wp","href":"https:\/\/api.w.org\/{rel}","templated":true}]}}