{"id":33661,"date":"2022-11-18T14:17:28","date_gmt":"2022-11-18T20:17:28","guid":{"rendered":"https:\/\/encuentroinformativo.com.mx\/?p=33661"},"modified":"2022-11-18T14:17:32","modified_gmt":"2022-11-18T20:17:32","slug":"desfilan-por-aniversario-de-secundaria-julio-zarate","status":"publish","type":"post","link":"https:\/\/encuentroinformativo.com.mx\/?p=33661","title":{"rendered":"Desfilan por aniversario de secundaria Julio Z\u00e1rate"},"content":{"rendered":"\n<p><strong>Juan Arcos<\/strong><\/p>\n\n\n\n<p>Xalapa, Ver.- Cerca de mil 400 alumnos de la escuela secundaria general n\u00famero 2 \u201cJulio Z\u00e1rate\u201d desfilaron en el centro de la ciudad de Xalapa, para conmemorar el 50 aniversario de la fundaci\u00f3n de su plantel educativo.<\/p>\n\n\n\n<p>El primer cuatro de la capital del estado fue cerrado por elementos de la Direcci\u00f3n General de Tr\u00e1nsito y Seguridad Vial (DGTSV) para resguardar a los participantes.<\/p>\n\n\n\n<p>Los estudiantes tocaron varias melod\u00edas con su marching band y estuvieron acompa\u00f1ados de madres y padres de familia, as\u00ed como de docentes y egresados de la primera generaci\u00f3n.<\/p>\n\n\n\n<p>De acuerdo con el subdirector del turno matutino, Fernando S\u00e1nchez, este viernes 18 de noviembre iniciaron las actividades, cuya celebraci\u00f3n ser\u00e1 en octubre del a\u00f1o pr\u00f3ximo.<\/p>\n\n\n\n<p>La escuela fue fundada en el a\u00f1o 1973 y desde entonces han egresado alumnos que ahora son pol\u00edticos o profesionales exitosos.<\/p>\n\n\n\n<p>\u201cTenemos ya contacto con muchos exalumnos a trav\u00e9s de las redes sociales y es gente que destaca en distintos campos del conocimiento, en la vida art\u00edstica, en la vida pol\u00edtica a nivel local, estatal, nacional e internacional y algunos de ellos nos han confirmado su presencia en esa semana cultural para cerrar las actividades de este 50 aniversario\u201d, expres\u00f3 el acad\u00e9mico.<\/p>\n\n\n\n<p>El entrevistado indic\u00f3 que durante el recorrido de este d\u00eda solo se registr\u00f3 un incidente, donde una madre de familia que particip\u00f3 en este desfile se desmay\u00f3 sobre la calle Juan de la Luz Enr\u00edquez.<\/p>\n\n\n\n<p>\u201cVenimos caminando desde la escuela, es una madre de familia, ya se brind\u00f3 atenci\u00f3n y de inmediato se va a colocar al interior de uno de los veh\u00edculos que vienen acompa\u00f1\u00e1ndonos en el desfile\u201d.<\/p>\n\n\n\n<p>La mujer, de unos 35 a\u00f1os, fue auxiliada de manera inmediata por param\u00e9dicos de la polic\u00eda municipal y estatal para reanimarla, por lo que no fue necesario su traslado a un hospital.<\/p>\n","protected":false},"excerpt":{"rendered":"<p>Juan Arcos Xalapa, Ver.- Cerca de mil 400 alumnos de la escuela secundaria general n\u00famero 2 \u201cJulio Z\u00e1rate\u201d desfilaron en el centro de la ciudad de Xalapa, para conmemorar el 50 aniversario de la fundaci\u00f3n de su plantel educativo. El primer cuatro de la capital del estado fue cerrado por elementos de la Direcci\u00f3n General [&hellip;]<\/p>\n","protected":false},"author":1,"featured_media":33662,"comment_status":"open","ping_status":"open","sticky":false,"template":"","format":"standard","meta":{"_jetpack_memberships_contains_paid_content":false,"footnotes":""},"categories":[3],"tags":[],"class_list":["post-33661","post","type-post","status-publish","format-standard","has-post-thumbnail","hentry","category-xalapa"],"jetpack_featured_media_url":"https:\/\/encuentroinformativo.com.mx\/wp-content\/uploads\/2022\/11\/5A74074F-6FF4-44DA-9864-CFB6CDF43013.jpeg","jetpack_sharing_enabled":true,"jetpack_likes_enabled":true,"amp_enabled":true,"_links":{"self":[{"href":"https:\/\/encuentroinformativo.com.mx\/index.php?rest_route=\/wp\/v2\/posts\/33661","targetHints":{"allow":["GET"]}}],"collection":[{"href":"https:\/\/encuentroinformativo.com.mx\/index.php?rest_route=\/wp\/v2\/posts"}],"about":[{"href":"https:\/\/encuentroinformativo.com.mx\/index.php?rest_route=\/wp\/v2\/types\/post"}],"author":[{"embeddable":true,"href":"https:\/\/encuentroinformativo.com.mx\/index.php?rest_route=\/wp\/v2\/users\/1"}],"replies":[{"embeddable":true,"href":"https:\/\/encuentroinformativo.com.mx\/index.php?rest_route=%2Fwp%2Fv2%2Fcomments&post=33661"}],"version-history":[{"count":1,"href":"https:\/\/encuentroinformativo.com.mx\/index.php?rest_route=\/wp\/v2\/posts\/33661\/revisions"}],"predecessor-version":[{"id":33663,"href":"https:\/\/encuentroinformativo.com.mx\/index.php?rest_route=\/wp\/v2\/posts\/33661\/revisions\/33663"}],"wp:featuredmedia":[{"embeddable":true,"href":"https:\/\/encuentroinformativo.com.mx\/index.php?rest_route=\/wp\/v2\/media\/33662"}],"wp:attachment":[{"href":"https:\/\/encuentroinformativo.com.mx\/index.php?rest_route=%2Fwp%2Fv2%2Fmedia&parent=33661"}],"wp:term":[{"taxonomy":"category","embeddable":true,"href":"https:\/\/encuentroinformativo.com.mx\/index.php?rest_route=%2Fwp%2Fv2%2Fcategories&post=33661"},{"taxonomy":"post_tag","embeddable":true,"href":"https:\/\/encuentroinformativo.com.mx\/index.php?rest_route=%2Fwp%2Fv2%2Ftags&post=33661"}],"curies":[{"name":"wp","href":"https:\/\/api.w.org\/{rel}","templated":true}]}}