{"id":33664,"date":"2022-11-18T14:55:37","date_gmt":"2022-11-18T20:55:37","guid":{"rendered":"https:\/\/encuentroinformativo.com.mx\/?p=33664"},"modified":"2022-11-18T14:55:41","modified_gmt":"2022-11-18T20:55:41","slug":"celebran-colectivos-vinculacion-de-javier-n-por-desaparicion","status":"publish","type":"post","link":"https:\/\/encuentroinformativo.com.mx\/?p=33664","title":{"rendered":"Celebran Colectivos vinculaci\u00f3n de Javier N por desaparici\u00f3n"},"content":{"rendered":"\n<p><strong>Juan Arcos<\/strong><\/p>\n\n\n\n<p>Xalapa, Ver.- Colectivos de familiares de desaparecidos celebraron la imputaci\u00f3n y vinculaci\u00f3n a proceso del exgobernador Javier Duarte de Ochoa como presunto responsable del delito de desaparici\u00f3n forzada de personas.<\/p>\n\n\n\n<p>De acuerdo con Carlos Salda\u00f1a Grajales, del colectivo Familiares Enlaces Xalapa, este hecho podr\u00eda considerarse algo \u201cjusto\u201d, pues es algo que se ha exigido durante muchos a\u00f1os.<\/p>\n\n\n\n<p>Sin embargo, enfatiz\u00f3 que debe procederse legalmente contra todas las autoridades que hayan participado en las desapariciones forzadas.<\/p>\n\n\n\n<p>\u201cNo fue nada m\u00e1s Duarte, hubo un secretario de seguridad p\u00fablica, hubo un fiscal general, un ministerio p\u00fablico, un director de servicios periciales, todas las autoridades involucradas\u201d, expres\u00f3.<\/p>\n\n\n\n<p>El entrevistado, quien busca a sus hijos Karla Nallely Salda\u00f1a Grajales y Jes\u00fas Alberto Estrada Mart\u00ednez, quienes desaparecieron el 29 de noviembre de 2011, en la zona de antros de Xalapa, indic\u00f3 que prevaleci\u00f3 una red de corrupci\u00f3n en administraciones pasadas para encubrir a los responsables de este delito.<\/p>\n\n\n\n<p>\u201cEs una cadena tan grande que existi\u00f3 o que ha existido dentro del mismo gobierno y nos parece excelente la vinculaci\u00f3n\u201d, a\u00f1adi\u00f3 el entrevistado.<\/p>\n\n\n\n<p>A Javier Duarte se le impuso la medida cautelar de prisi\u00f3n preventiva justificada por un a\u00f1o y seis meses de investigaci\u00f3n complementaria.<\/p>\n\n\n\n<p>Los familiares de desaparecidos marchar\u00e1n como cada mes del pante\u00f3n Palo Verde al centro de Xalapa y est\u00e1n convocando este s\u00e1bado 19 de noviembre a las diez de la ma\u00f1ana.<\/p>\n","protected":false},"excerpt":{"rendered":"<p>Juan Arcos Xalapa, Ver.- Colectivos de familiares de desaparecidos celebraron la imputaci\u00f3n y vinculaci\u00f3n a proceso del exgobernador Javier Duarte de Ochoa como presunto responsable del delito de desaparici\u00f3n forzada de personas. De acuerdo con Carlos Salda\u00f1a Grajales, del colectivo Familiares Enlaces Xalapa, este hecho podr\u00eda considerarse algo \u201cjusto\u201d, pues es algo que se ha [&hellip;]<\/p>\n","protected":false},"author":1,"featured_media":33665,"comment_status":"open","ping_status":"open","sticky":false,"template":"","format":"standard","meta":{"_jetpack_memberships_contains_paid_content":false,"footnotes":""},"categories":[2],"tags":[],"class_list":["post-33664","post","type-post","status-publish","format-standard","has-post-thumbnail","hentry","category-estado"],"jetpack_featured_media_url":"https:\/\/encuentroinformativo.com.mx\/wp-content\/uploads\/2022\/11\/A5534829-26C7-48BF-B2F1-716B1CFDF81D.jpeg","jetpack_sharing_enabled":true,"jetpack_likes_enabled":true,"amp_enabled":true,"_links":{"self":[{"href":"https:\/\/encuentroinformativo.com.mx\/index.php?rest_route=\/wp\/v2\/posts\/33664","targetHints":{"allow":["GET"]}}],"collection":[{"href":"https:\/\/encuentroinformativo.com.mx\/index.php?rest_route=\/wp\/v2\/posts"}],"about":[{"href":"https:\/\/encuentroinformativo.com.mx\/index.php?rest_route=\/wp\/v2\/types\/post"}],"author":[{"embeddable":true,"href":"https:\/\/encuentroinformativo.com.mx\/index.php?rest_route=\/wp\/v2\/users\/1"}],"replies":[{"embeddable":true,"href":"https:\/\/encuentroinformativo.com.mx\/index.php?rest_route=%2Fwp%2Fv2%2Fcomments&post=33664"}],"version-history":[{"count":1,"href":"https:\/\/encuentroinformativo.com.mx\/index.php?rest_route=\/wp\/v2\/posts\/33664\/revisions"}],"predecessor-version":[{"id":33666,"href":"https:\/\/encuentroinformativo.com.mx\/index.php?rest_route=\/wp\/v2\/posts\/33664\/revisions\/33666"}],"wp:featuredmedia":[{"embeddable":true,"href":"https:\/\/encuentroinformativo.com.mx\/index.php?rest_route=\/wp\/v2\/media\/33665"}],"wp:attachment":[{"href":"https:\/\/encuentroinformativo.com.mx\/index.php?rest_route=%2Fwp%2Fv2%2Fmedia&parent=33664"}],"wp:term":[{"taxonomy":"category","embeddable":true,"href":"https:\/\/encuentroinformativo.com.mx\/index.php?rest_route=%2Fwp%2Fv2%2Fcategories&post=33664"},{"taxonomy":"post_tag","embeddable":true,"href":"https:\/\/encuentroinformativo.com.mx\/index.php?rest_route=%2Fwp%2Fv2%2Ftags&post=33664"}],"curies":[{"name":"wp","href":"https:\/\/api.w.org\/{rel}","templated":true}]}}