{"id":33667,"date":"2022-11-18T19:34:50","date_gmt":"2022-11-19T01:34:50","guid":{"rendered":"https:\/\/encuentroinformativo.com.mx\/?p=33667"},"modified":"2022-11-18T19:34:55","modified_gmt":"2022-11-19T01:34:55","slug":"dif-boca-del-rio-reconoce-valor-altruista-del-criver-en-su-18-aniversario","status":"publish","type":"post","link":"https:\/\/encuentroinformativo.com.mx\/?p=33667","title":{"rendered":"DIF Boca del R\u00edo reconoce valor altruista del CRIVER en su 18 aniversario"},"content":{"rendered":"\n<p>Boca del R\u00edo, Ver.- La Presidenta del DIF Municipal de Boca del R\u00edo, Melina Rivera de Un\u00e1nue, reconoci\u00f3 el altruismo y esfuerzo diario del CRIVER en beneficio de las boque\u00f1itas y boque\u00f1itos con alguna discapacidad.<\/p>\n\n\n\n<p>Por ello, entreg\u00f3 un reconocimiento al presidente de patronato del Centro de Rehabilitaci\u00f3n Infantil de Veracruz, Enrique Ch\u00e1zaro Mabarack y a la se\u00f1ora Amelita Acosta de Ch\u00e1zaro, por los 18 a\u00f1os de la creaci\u00f3n del CRIVER.<\/p>\n\n\n\n<p>Durante la gala a beneficio que el Centro de Rehabilitaci\u00f3n organizada por la presidenta del DIF boque\u00f1o, a nombre del Alcalde Juan Manuel Un\u00e1nue Abascal, refrend\u00f3 su apoyo al CRIVER y destac\u00f3 la noble labor que han realizado por casi dos d\u00e9cadas.<\/p>\n\n\n\n<p>\u201cQuiero felicitar a todo el personal por cumplir 18 a\u00f1os de dar lo mejor de ustedes, en especial quiero reconocer el trabajo del contador Enrique Ch\u00e1zaro Mabarack, presidente del Patronato del CRIVER y de su esposa la Sra. Amelita Acosta de Ch\u00e1zaro presidenta del voluntariado Criver, una gran mujer que ha demostrado el valor del altruismo y que estoy segura no dejar\u00e1 de trabajar en beneficio de nuestras ni\u00f1as y ni\u00f1os con alguna discapacidad\u201d.<\/p>\n\n\n\n<p>Melina Rivera de Un\u00e1nue, resalt\u00f3 que el CRIVER es m\u00e1s que un centro de rehabilitaci\u00f3n, es el hogar de muchas familias que buscan que sus hijas e hijos, tengan un mejor futuro, mejorando su salud e inclusi\u00f3n en la sociedad.<\/p>\n\n\n\n<p>Agreg\u00f3, adem\u00e1s, que todos los que laboran al interior del centro de rehabilitaci\u00f3n, no solo dan su mejor esfuerzo para ofrecer un servicio de calidad, sino que dejan parte de su coraz\u00f3n con cada paciente que reciben.<\/p>\n\n\n\n<p>A este evento tambi\u00e9n asistieron autoridades estatales y locales, quienes extendieron la felicitaci\u00f3n a los titulares del CRIVER.<\/p>\n\n\n\n<figure class=\"wp-block-image size-large\"><img loading=\"lazy\" decoding=\"async\" width=\"1024\" height=\"682\" src=\"https:\/\/encuentroinformativo.com.mx\/wp-content\/uploads\/2022\/11\/B6C240CA-F263-47CA-99C7-8E7FA72D3887-1024x682.jpeg\" alt=\"\" class=\"wp-image-33669\" srcset=\"https:\/\/encuentroinformativo.com.mx\/wp-content\/uploads\/2022\/11\/B6C240CA-F263-47CA-99C7-8E7FA72D3887-1024x682.jpeg 1024w, https:\/\/encuentroinformativo.com.mx\/wp-content\/uploads\/2022\/11\/B6C240CA-F263-47CA-99C7-8E7FA72D3887-300x200.jpeg 300w, https:\/\/encuentroinformativo.com.mx\/wp-content\/uploads\/2022\/11\/B6C240CA-F263-47CA-99C7-8E7FA72D3887-768x512.jpeg 768w, https:\/\/encuentroinformativo.com.mx\/wp-content\/uploads\/2022\/11\/B6C240CA-F263-47CA-99C7-8E7FA72D3887.jpeg 1280w\" sizes=\"auto, (max-width: 1024px) 100vw, 1024px\" \/><\/figure>\n","protected":false},"excerpt":{"rendered":"<p>Boca del R\u00edo, Ver.- La Presidenta del DIF Municipal de Boca del R\u00edo, Melina Rivera de Un\u00e1nue, reconoci\u00f3 el altruismo y esfuerzo diario del CRIVER en beneficio de las boque\u00f1itas y boque\u00f1itos con alguna discapacidad. Por ello, entreg\u00f3 un reconocimiento al presidente de patronato del Centro de Rehabilitaci\u00f3n Infantil de Veracruz, Enrique Ch\u00e1zaro Mabarack y [&hellip;]<\/p>\n","protected":false},"author":1,"featured_media":33668,"comment_status":"open","ping_status":"open","sticky":false,"template":"","format":"standard","meta":{"_jetpack_memberships_contains_paid_content":false,"footnotes":""},"categories":[2],"tags":[],"class_list":["post-33667","post","type-post","status-publish","format-standard","has-post-thumbnail","hentry","category-estado"],"jetpack_featured_media_url":"https:\/\/encuentroinformativo.com.mx\/wp-content\/uploads\/2022\/11\/9A4B14C3-C2CE-4B20-A28B-4830186DF86C.jpeg","jetpack_sharing_enabled":true,"jetpack_likes_enabled":true,"amp_enabled":true,"_links":{"self":[{"href":"https:\/\/encuentroinformativo.com.mx\/index.php?rest_route=\/wp\/v2\/posts\/33667","targetHints":{"allow":["GET"]}}],"collection":[{"href":"https:\/\/encuentroinformativo.com.mx\/index.php?rest_route=\/wp\/v2\/posts"}],"about":[{"href":"https:\/\/encuentroinformativo.com.mx\/index.php?rest_route=\/wp\/v2\/types\/post"}],"author":[{"embeddable":true,"href":"https:\/\/encuentroinformativo.com.mx\/index.php?rest_route=\/wp\/v2\/users\/1"}],"replies":[{"embeddable":true,"href":"https:\/\/encuentroinformativo.com.mx\/index.php?rest_route=%2Fwp%2Fv2%2Fcomments&post=33667"}],"version-history":[{"count":1,"href":"https:\/\/encuentroinformativo.com.mx\/index.php?rest_route=\/wp\/v2\/posts\/33667\/revisions"}],"predecessor-version":[{"id":33670,"href":"https:\/\/encuentroinformativo.com.mx\/index.php?rest_route=\/wp\/v2\/posts\/33667\/revisions\/33670"}],"wp:featuredmedia":[{"embeddable":true,"href":"https:\/\/encuentroinformativo.com.mx\/index.php?rest_route=\/wp\/v2\/media\/33668"}],"wp:attachment":[{"href":"https:\/\/encuentroinformativo.com.mx\/index.php?rest_route=%2Fwp%2Fv2%2Fmedia&parent=33667"}],"wp:term":[{"taxonomy":"category","embeddable":true,"href":"https:\/\/encuentroinformativo.com.mx\/index.php?rest_route=%2Fwp%2Fv2%2Fcategories&post=33667"},{"taxonomy":"post_tag","embeddable":true,"href":"https:\/\/encuentroinformativo.com.mx\/index.php?rest_route=%2Fwp%2Fv2%2Ftags&post=33667"}],"curies":[{"name":"wp","href":"https:\/\/api.w.org\/{rel}","templated":true}]}}