{"id":33684,"date":"2022-11-19T13:39:41","date_gmt":"2022-11-19T19:39:41","guid":{"rendered":"https:\/\/encuentroinformativo.com.mx\/?p=33684"},"modified":"2022-11-19T13:39:45","modified_gmt":"2022-11-19T19:39:45","slug":"piden-colectivos-apoyo-de-autoridades-para-seguir-busquedas","status":"publish","type":"post","link":"https:\/\/encuentroinformativo.com.mx\/?p=33684","title":{"rendered":"Piden Colectivos apoyo de autoridades para seguir b\u00fasquedas"},"content":{"rendered":"\n<p><strong>Dar\u00edo Pale<\/strong><\/p>\n\n\n\n<p>Xalapa, Ver.- Integrantes del colectivo &#8220;Familiares Enlaces Xalapa&#8221; volvieron a salir a las calles para exigir la aparici\u00f3n de sus familiares ya que la Fiscal General del Estado (FGE), Veronica Hern\u00e1ndez Giadans no se ha reunido con ellos &#8220;no se ha bajado del trono ojal\u00e1 alg\u00fan d\u00eda se digne.<\/p>\n\n\n\n<p>Con una marcha que sali\u00f3 del pante\u00f3n Palo Verde a la plaza Lerdo los integrantes del colectivo &#8220;Familiares Enlaces Xalapa&#8221;, se manifestaron en la plaza Lerdo donde colocaron un mural con las fotograf\u00edas de sus familiares desaparecidos para exigir al gobierno que busquen y les entreguen a su hijos.<\/p>\n\n\n\n<p>Durante la manifestaci\u00f3n Victoria Delgadillo Romero madre de Yuneri Citlali Delgadillo exigi\u00f3 al gobernador una respuesta ya que hasta el momento las autoridades no les dan respuesta por lo cual las familias se est\u00e1n manifestando pidiendo justicia y la localizaci\u00f3n de sus familiares.<\/p>\n\n\n\n<p>&#8220;Once a\u00f1os se\u00f1or gobernador, once a\u00f1os de lucha, once a\u00f1os de dolor, once a\u00f1os de sufrimiento y nuestros hijos no est\u00e1n pedimos a las autoridades que se enfoquen en trabajar y nos den resultados de nuestros hijos, somos padres y madres con un dolor muy grande y a\u00f1o con a\u00f1os el dolor va creciendo se\u00f1or gobernador, no crea que nuestros hijos se nos olvidan, nuestros hijos no son n\u00fameros, no son cifras, nuestros hijos tiene un nombre y un apellido&#8221;, se\u00f1al\u00f3.<\/p>\n\n\n\n<p>Solicit\u00f3 que les entreguen a sus hijos y que los busquen es lo que ellos quieran que les devuelvan a sus familiares desaparecidos, ya que de hacer su trabajo ellos no tendr\u00edan porque estar manifest\u00e1ndose, ya que no quieren m\u00e1s sufrimiento solo quieren encontrar a sus familiares desaparecidos.<\/p>\n\n\n\n<p>Lamentablemente una madre de familia como la se\u00f1ora Esperanza Hern\u00e1ndez Hern\u00e1ndez falleci\u00f3 el 16 de noviembre sin poder localizar a su hija d supuesto de nueve a\u00f1os desaparecida, ellos no quieren padecer lo mismo de morir sin encontrar a sus familiares.<\/p>\n\n\n\n<p>&#8220;Ellos no pueden estar aqu\u00ed ni reclamar nada pero nosotras las madres si podemos decir ya basta, ya basta de desparecidos, ya basta de tanto asesinato, ya basta se\u00f1or gobernador queremos tranquilidad, queremos paz, eso es lo que queremos los ciudadanos&#8221;, acus\u00f3.<\/p>\n\n\n\n<p>Por su parte la se\u00f1ora Mar\u00eda Antonieta Mu\u00f1oz Roa coment\u00f3 que el secretario de gobierno Eric Cisneros esta compareciendo en el congreso por lo que le solicitaron que les den los recursos necesarios para la b\u00fasqueda de sus hijos eso es lo que est\u00e1n exigiendo.<\/p>\n\n\n\n<p>&#8220;No nos interesa sus pol\u00edticas, nos interesa que trabaje porque la familia de los desaparecidos tienen derecho a la verdad, a la justicia a la reparaci\u00f3n del da\u00f1o y a la no repetici\u00f3n, cosa que no est\u00e1 sucediendo no hay garant\u00edas de que no se vuelva a repetir, estamos viviendo una serie de caspa teme dos en todo el estado de desaparici\u00f3n, muertes, asesinatos, de violencia,yo creo que lo que tienen que reforzar es la seguridad&#8221;, manifest\u00f3.<\/p>\n\n\n\n<p>Dijo que no quieren que les pase a otras familias lo que ellas est\u00e1n viviendo 11 a\u00f1os de andar buscando sin justicia sin verdad ni reparaci\u00f3n pero la memoria de ellos sigue presente ya que ellas los representan.<\/p>\n\n\n\n<p>Lament\u00f3 que los casos de larga data no tienen respuesta por parte de las autoridades, ahora hay desaparecidos y desaparecidas entre ni\u00f1os y adolescentes y de todo tipo, ya que cualquiera est\u00e1 expuesto a que les pase algo similar a lo que les pas\u00f3 a ellos.<\/p>\n\n\n\n<p>Finalmente acus\u00f3 que &#8220;con nosotros no ha tenido reuniones ni acercamiento la fiscal general no se ha bajado del trono ojal\u00e1 alg\u00fan d\u00eda se digne, por qu\u00e9 cuando ha hecho alguna reuni\u00f3n y convocado a los colectivos nada m\u00e1s es para tomar la foto pero hasta el momento no nos da la cara\u201d.<\/p>\n","protected":false},"excerpt":{"rendered":"<p>Dar\u00edo Pale Xalapa, Ver.- Integrantes del colectivo &#8220;Familiares Enlaces Xalapa&#8221; volvieron a salir a las calles para exigir la aparici\u00f3n de sus familiares ya que la Fiscal General del Estado (FGE), Veronica Hern\u00e1ndez Giadans no se ha reunido con ellos &#8220;no se ha bajado del trono ojal\u00e1 alg\u00fan d\u00eda se digne. Con una marcha que [&hellip;]<\/p>\n","protected":false},"author":1,"featured_media":33685,"comment_status":"open","ping_status":"open","sticky":false,"template":"","format":"standard","meta":{"_jetpack_memberships_contains_paid_content":false,"footnotes":""},"categories":[3],"tags":[],"class_list":["post-33684","post","type-post","status-publish","format-standard","has-post-thumbnail","hentry","category-xalapa"],"jetpack_featured_media_url":"https:\/\/encuentroinformativo.com.mx\/wp-content\/uploads\/2022\/11\/967C3E99-1184-4F61-861A-B701722B82C9.jpeg","jetpack_sharing_enabled":true,"jetpack_likes_enabled":true,"amp_enabled":true,"_links":{"self":[{"href":"https:\/\/encuentroinformativo.com.mx\/index.php?rest_route=\/wp\/v2\/posts\/33684","targetHints":{"allow":["GET"]}}],"collection":[{"href":"https:\/\/encuentroinformativo.com.mx\/index.php?rest_route=\/wp\/v2\/posts"}],"about":[{"href":"https:\/\/encuentroinformativo.com.mx\/index.php?rest_route=\/wp\/v2\/types\/post"}],"author":[{"embeddable":true,"href":"https:\/\/encuentroinformativo.com.mx\/index.php?rest_route=\/wp\/v2\/users\/1"}],"replies":[{"embeddable":true,"href":"https:\/\/encuentroinformativo.com.mx\/index.php?rest_route=%2Fwp%2Fv2%2Fcomments&post=33684"}],"version-history":[{"count":1,"href":"https:\/\/encuentroinformativo.com.mx\/index.php?rest_route=\/wp\/v2\/posts\/33684\/revisions"}],"predecessor-version":[{"id":33686,"href":"https:\/\/encuentroinformativo.com.mx\/index.php?rest_route=\/wp\/v2\/posts\/33684\/revisions\/33686"}],"wp:featuredmedia":[{"embeddable":true,"href":"https:\/\/encuentroinformativo.com.mx\/index.php?rest_route=\/wp\/v2\/media\/33685"}],"wp:attachment":[{"href":"https:\/\/encuentroinformativo.com.mx\/index.php?rest_route=%2Fwp%2Fv2%2Fmedia&parent=33684"}],"wp:term":[{"taxonomy":"category","embeddable":true,"href":"https:\/\/encuentroinformativo.com.mx\/index.php?rest_route=%2Fwp%2Fv2%2Fcategories&post=33684"},{"taxonomy":"post_tag","embeddable":true,"href":"https:\/\/encuentroinformativo.com.mx\/index.php?rest_route=%2Fwp%2Fv2%2Ftags&post=33684"}],"curies":[{"name":"wp","href":"https:\/\/api.w.org\/{rel}","templated":true}]}}