{"id":3369,"date":"2020-06-15T17:44:44","date_gmt":"2020-06-15T22:44:44","guid":{"rendered":"https:\/\/encuentroinformativo.com\/?p=3369"},"modified":"2020-06-15T17:44:46","modified_gmt":"2020-06-15T22:44:46","slug":"aumentan-casos-de-covid-en-coatepec","status":"publish","type":"post","link":"https:\/\/encuentroinformativo.com.mx\/?p=3369","title":{"rendered":"Aumentan casos de Covid en Coatepec"},"content":{"rendered":"\n<p><strong>Juan Arcos <\/strong><\/p>\n\n\n\n<p>Xalapa, Ver.- Los casos confirmados de Covid-19 en Coatepec contin\u00faan en aumento.<\/p>\n\n\n\n<p>La Secretar\u00eda de Salud reporta 27 casos positivos, de los cuales ocho son activos en el Pueblo M\u00e1gico.<\/p>\n\n\n\n<p>El presidente municipal Luis Enrique Fern\u00e1ndez Peredo confirm\u00f3 que se han contabilizado 14 casos recuperados, 11 casos sospechosos y cinco defunciones.<\/p>\n\n\n\n<p>En un recorrido en dicha ciudad se constat\u00f3 que la gente contin\u00faa saliendo a las calles sin protecci\u00f3n facial.<\/p>\n\n\n\n<p>Las autoridades municipales han sido enf\u00e1ticas sobre las sanciones que ser\u00edan aplicadas por dicha situaci\u00f3n.<\/p>\n\n\n\n<p>Sin embargo, se contin\u00faan observando concentraciones de personas, sobre todo en las inmediaciones del parque Miguel Rebolledo.<\/p>\n\n\n\n<p>La mayor\u00eda de la gente se niega a usar cubrebocas cuando sale de casa para realizar sus compras.<\/p>\n\n\n\n<p>El Alcalde pidi\u00f3 a la poblaci\u00f3n que permanezca en su hogar y, en caso de salir, aplique las medidas sanitarias recomendadas por autoridades sanitarias.<\/p>\n\n\n\n<p>Lo anterior, para frenar la ola de contagios registrados desde que inici\u00f3 este mes.<\/p>\n","protected":false},"excerpt":{"rendered":"<p>Juan Arcos Xalapa, Ver.- Los casos confirmados de Covid-19 en Coatepec contin\u00faan en aumento. La Secretar\u00eda de Salud reporta 27 casos positivos, de los cuales ocho son activos en el Pueblo M\u00e1gico. El presidente municipal Luis Enrique Fern\u00e1ndez Peredo confirm\u00f3 que se han contabilizado 14 casos recuperados, 11 casos sospechosos y cinco defunciones. En un [&hellip;]<\/p>\n","protected":false},"author":1,"featured_media":3370,"comment_status":"open","ping_status":"open","sticky":false,"template":"","format":"standard","meta":{"_jetpack_memberships_contains_paid_content":false,"footnotes":""},"categories":[8],"tags":[],"class_list":["post-3369","post","type-post","status-publish","format-standard","has-post-thumbnail","hentry","category-region"],"jetpack_featured_media_url":"https:\/\/encuentroinformativo.com.mx\/wp-content\/uploads\/2020\/06\/148FFAAB-43C5-4915-90B3-8507E56225D5.jpeg","jetpack_sharing_enabled":true,"jetpack_likes_enabled":true,"amp_enabled":true,"_links":{"self":[{"href":"https:\/\/encuentroinformativo.com.mx\/index.php?rest_route=\/wp\/v2\/posts\/3369","targetHints":{"allow":["GET"]}}],"collection":[{"href":"https:\/\/encuentroinformativo.com.mx\/index.php?rest_route=\/wp\/v2\/posts"}],"about":[{"href":"https:\/\/encuentroinformativo.com.mx\/index.php?rest_route=\/wp\/v2\/types\/post"}],"author":[{"embeddable":true,"href":"https:\/\/encuentroinformativo.com.mx\/index.php?rest_route=\/wp\/v2\/users\/1"}],"replies":[{"embeddable":true,"href":"https:\/\/encuentroinformativo.com.mx\/index.php?rest_route=%2Fwp%2Fv2%2Fcomments&post=3369"}],"version-history":[{"count":1,"href":"https:\/\/encuentroinformativo.com.mx\/index.php?rest_route=\/wp\/v2\/posts\/3369\/revisions"}],"predecessor-version":[{"id":3371,"href":"https:\/\/encuentroinformativo.com.mx\/index.php?rest_route=\/wp\/v2\/posts\/3369\/revisions\/3371"}],"wp:featuredmedia":[{"embeddable":true,"href":"https:\/\/encuentroinformativo.com.mx\/index.php?rest_route=\/wp\/v2\/media\/3370"}],"wp:attachment":[{"href":"https:\/\/encuentroinformativo.com.mx\/index.php?rest_route=%2Fwp%2Fv2%2Fmedia&parent=3369"}],"wp:term":[{"taxonomy":"category","embeddable":true,"href":"https:\/\/encuentroinformativo.com.mx\/index.php?rest_route=%2Fwp%2Fv2%2Fcategories&post=3369"},{"taxonomy":"post_tag","embeddable":true,"href":"https:\/\/encuentroinformativo.com.mx\/index.php?rest_route=%2Fwp%2Fv2%2Ftags&post=3369"}],"curies":[{"name":"wp","href":"https:\/\/api.w.org\/{rel}","templated":true}]}}