{"id":33692,"date":"2022-11-20T14:20:27","date_gmt":"2022-11-20T20:20:27","guid":{"rendered":"https:\/\/encuentroinformativo.com.mx\/?p=33692"},"modified":"2022-11-20T14:20:31","modified_gmt":"2022-11-20T20:20:31","slug":"celebran-desfile-por-aniversario-de-la-revolucion-mexicana","status":"publish","type":"post","link":"https:\/\/encuentroinformativo.com.mx\/?p=33692","title":{"rendered":"Celebran desfile por aniversario de la Revoluci\u00f3n Mexicana"},"content":{"rendered":"\n<p><strong>Juan Arcos<\/strong><\/p>\n\n\n\n<p>Xalapa, Ver.- El gobernador de Veracruz, Cuitl\u00e1huac Garc\u00eda Jim\u00e9nez encabez\u00f3 el desfile conmemorativo de la Revoluci\u00f3n Mexicana en el centro hist\u00f3rico de la ciudad de Xalapa, la capital del estado.<\/p>\n\n\n\n<p>El evento inici\u00f3 en punto de las 12:00 horas de este domingo 20 de noviembre, con el contingente de la Secretar\u00eda de la Defensa Nacional (Sedena).<\/p>\n\n\n\n<p>Cientos de personas participaron en este desfile por el 112 aniversario de la Revoluci\u00f3n Mexicana.<\/p>\n\n\n\n<p>El mandatario estatal estuvo acompa\u00f1ado del secretario de Gobierno, Eric Cisneros Burgos; la titular de la Fiscal\u00eda General del Estado (FGE), Ver\u00f3nica Hern\u00e1ndez Giad\u00e1ns; el titular de la Secretar\u00eda de Seguridad P\u00fablica (SSP), Cuauht\u00e9moc Z\u00fa\u00f1iga Bonilla; y otros miembros del gabinete estatal.<\/p>\n\n\n\n<p>Se observ\u00f3 una gran afluencia de familias sobre Plaza Sebasti\u00e1n Lerdo de Tejada, en bajos de Palacio Municipal y sobre el parque Benito Ju\u00e1rez.<\/p>\n\n\n\n<p>Los elementos del Ej\u00e9rcito Mexicano marcharon a pie frente al Palacio de Gobierno, algunos de ellos a bordo de sus unidades de guerra con proyectiles.<\/p>\n\n\n\n<p>Tambi\u00e9n fueron notorias las cuadrillas de la Guardia Nacional (GN), corporaci\u00f3n que reci\u00e9n pas\u00f3 a manos de la Sedena por un decreto del presidente de la Rep\u00fablica Mexicana, Andr\u00e9s Manuel L\u00f3pez Obrador.<\/p>\n\n\n\n<p>Se observaron contingentes de profesoras y profesores de educaci\u00f3n f\u00edsica de la Secretar\u00eda de Educaci\u00f3n de Veracruz (SEV), quienes iban vestidos de blanco con pantal\u00f3n de mezclilla.<\/p>\n\n\n\n<p>Participaron varias escuelas en este desfile, como la escuela secundaria t\u00e9cnica n\u00famero 3, la t\u00e9cnica industrial n\u00famero 5, la escuela secundaria general experimental, telesecundaria anexa a la Benem\u00e9rita Escuela Normal Veracruzana (BENV).<\/p>\n\n\n\n<p>As\u00ed como tambi\u00e9n, la Normal Veracruzana \u201cManuel Su\u00e1rez Trujillo\u201d, el Pentatl\u00f3n, Heroico Cuerpo de Bomberos, elementos de la SSP, Asociaci\u00f3n de Charros y personal de Limpia P\u00fablica.<\/p>\n\n\n\n<p>El desfile concluy\u00f3 a las 13:05 horas y se realiz\u00f3 sin incidentes en esta capital veracruzana.<\/p>\n\n\n\n<p>Previo al evento, elementos de la Fuerza Civil, que dependen de la Secretar\u00eda de Seguridad P\u00fablica, descendieron desde la torre de la Catedral Metropolitana de Xalapa, como parte de una demostraci\u00f3n para los espectadores.<\/p>\n\n\n\n<figure class=\"wp-block-image size-large\"><img loading=\"lazy\" decoding=\"async\" width=\"1024\" height=\"768\" src=\"https:\/\/encuentroinformativo.com.mx\/wp-content\/uploads\/2022\/11\/52B27182-F8FB-47DB-BB25-352F99177E7E-1024x768.jpeg\" alt=\"\" class=\"wp-image-33694\" srcset=\"https:\/\/encuentroinformativo.com.mx\/wp-content\/uploads\/2022\/11\/52B27182-F8FB-47DB-BB25-352F99177E7E-1024x768.jpeg 1024w, https:\/\/encuentroinformativo.com.mx\/wp-content\/uploads\/2022\/11\/52B27182-F8FB-47DB-BB25-352F99177E7E-300x225.jpeg 300w, https:\/\/encuentroinformativo.com.mx\/wp-content\/uploads\/2022\/11\/52B27182-F8FB-47DB-BB25-352F99177E7E-768x576.jpeg 768w, https:\/\/encuentroinformativo.com.mx\/wp-content\/uploads\/2022\/11\/52B27182-F8FB-47DB-BB25-352F99177E7E-1536x1152.jpeg 1536w, https:\/\/encuentroinformativo.com.mx\/wp-content\/uploads\/2022\/11\/52B27182-F8FB-47DB-BB25-352F99177E7E.jpeg 2016w\" sizes=\"auto, (max-width: 1024px) 100vw, 1024px\" \/><\/figure>\n","protected":false},"excerpt":{"rendered":"<p>Juan Arcos Xalapa, Ver.- El gobernador de Veracruz, Cuitl\u00e1huac Garc\u00eda Jim\u00e9nez encabez\u00f3 el desfile conmemorativo de la Revoluci\u00f3n Mexicana en el centro hist\u00f3rico de la ciudad de Xalapa, la capital del estado. El evento inici\u00f3 en punto de las 12:00 horas de este domingo 20 de noviembre, con el contingente de la Secretar\u00eda de la [&hellip;]<\/p>\n","protected":false},"author":1,"featured_media":33693,"comment_status":"open","ping_status":"open","sticky":false,"template":"","format":"standard","meta":{"_jetpack_memberships_contains_paid_content":false,"footnotes":""},"categories":[3],"tags":[],"class_list":["post-33692","post","type-post","status-publish","format-standard","has-post-thumbnail","hentry","category-xalapa"],"jetpack_featured_media_url":"https:\/\/encuentroinformativo.com.mx\/wp-content\/uploads\/2022\/11\/1BF1B675-E6C2-489D-9BB2-4D30A72D99A0.jpeg","jetpack_sharing_enabled":true,"jetpack_likes_enabled":true,"amp_enabled":true,"_links":{"self":[{"href":"https:\/\/encuentroinformativo.com.mx\/index.php?rest_route=\/wp\/v2\/posts\/33692","targetHints":{"allow":["GET"]}}],"collection":[{"href":"https:\/\/encuentroinformativo.com.mx\/index.php?rest_route=\/wp\/v2\/posts"}],"about":[{"href":"https:\/\/encuentroinformativo.com.mx\/index.php?rest_route=\/wp\/v2\/types\/post"}],"author":[{"embeddable":true,"href":"https:\/\/encuentroinformativo.com.mx\/index.php?rest_route=\/wp\/v2\/users\/1"}],"replies":[{"embeddable":true,"href":"https:\/\/encuentroinformativo.com.mx\/index.php?rest_route=%2Fwp%2Fv2%2Fcomments&post=33692"}],"version-history":[{"count":1,"href":"https:\/\/encuentroinformativo.com.mx\/index.php?rest_route=\/wp\/v2\/posts\/33692\/revisions"}],"predecessor-version":[{"id":33695,"href":"https:\/\/encuentroinformativo.com.mx\/index.php?rest_route=\/wp\/v2\/posts\/33692\/revisions\/33695"}],"wp:featuredmedia":[{"embeddable":true,"href":"https:\/\/encuentroinformativo.com.mx\/index.php?rest_route=\/wp\/v2\/media\/33693"}],"wp:attachment":[{"href":"https:\/\/encuentroinformativo.com.mx\/index.php?rest_route=%2Fwp%2Fv2%2Fmedia&parent=33692"}],"wp:term":[{"taxonomy":"category","embeddable":true,"href":"https:\/\/encuentroinformativo.com.mx\/index.php?rest_route=%2Fwp%2Fv2%2Fcategories&post=33692"},{"taxonomy":"post_tag","embeddable":true,"href":"https:\/\/encuentroinformativo.com.mx\/index.php?rest_route=%2Fwp%2Fv2%2Ftags&post=33692"}],"curies":[{"name":"wp","href":"https:\/\/api.w.org\/{rel}","templated":true}]}}