{"id":33696,"date":"2022-11-20T15:11:15","date_gmt":"2022-11-20T21:11:15","guid":{"rendered":"https:\/\/encuentroinformativo.com.mx\/?p=33696"},"modified":"2022-11-20T15:11:18","modified_gmt":"2022-11-20T21:11:18","slug":"va-saldo-blanco-en-buen-fin","status":"publish","type":"post","link":"https:\/\/encuentroinformativo.com.mx\/?p=33696","title":{"rendered":"Va saldo blanco en Buen Fin"},"content":{"rendered":"\n<p><strong>Juan Arcos <\/strong><\/p>\n\n\n\n<p>Xalapa, Ver.- En el estado de Veracruz se reporta saldo blanco hasta el mediod\u00eda de este domingo 20 de noviembre, durante el programa del Buen Fin, que inici\u00f3 el pasado viernes y concluye el lunes.<\/p>\n\n\n\n<p>As\u00ed lo confirm\u00f3 el gobernador Cuitl\u00e1huac Garc\u00eda Jim\u00e9nez, en breve entrevista posterior al desfile conmemorativo por el 112 aniversario de la Revoluci\u00f3n Mexicana.<\/p>\n\n\n\n<p>En el centro de Xalapa, el mandatario estatal asever\u00f3 que el Buen Fin avanza con normalidad en todo el territorio veracruzano.<\/p>\n\n\n\n<p>En ese sentido, el titular del Poder Ejecutivo en Veracruz garantiz\u00f3 que hasta el momento hay reporte de saldo blanco durante este fin de semana, con mayor actividad comercial.<\/p>\n\n\n\n<p>&#8220;Hasta ahorita bastante bien, s\u00f3lo tuvimos unas r\u00e1fagas en Coatzacoalcos y hasta ahorita es que se cay\u00f3 un sem\u00e1foro\u201d, detall\u00f3 el Gobernador.<\/p>\n\n\n\n<p>Cabe recordar que en la entidad se desplegaron cerca de 7 mil elementos de la Secretar\u00eda de Seguridad P\u00fablica (SSP) en los 212 municipios, para resguardar a la poblaci\u00f3n que realiza sus compras.<br>Se trat\u00f3 de un despliegue importante en centros comerciales y plazas, as\u00ed como el reguardo en cajeros autom\u00e1ticos en todo el estado.<\/p>\n\n\n\n<p><strong>HABR\u00c1 CLASES EL MARTES\u00a0<\/strong><\/p>\n\n\n\n<p>Garc\u00eda Jim\u00e9nez detall\u00f3 que no habr\u00e1 suspensi\u00f3n de clases en Veracruz el pr\u00f3ximo martes por el partido de f\u00fatbol de la Selecci\u00f3n Mexica contra Polonia a las 10:00 de la ma\u00f1ana.<\/p>\n\n\n\n<p>&#8220;Trabajamos normalmente, los que estamos en oficinas atendiendo, trabajamos normalmente. Un servidor trabaja normalmente\u201d, finaliz\u00f3.<\/p>\n","protected":false},"excerpt":{"rendered":"<p>Juan Arcos Xalapa, Ver.- En el estado de Veracruz se reporta saldo blanco hasta el mediod\u00eda de este domingo 20 de noviembre, durante el programa del Buen Fin, que inici\u00f3 el pasado viernes y concluye el lunes. As\u00ed lo confirm\u00f3 el gobernador Cuitl\u00e1huac Garc\u00eda Jim\u00e9nez, en breve entrevista posterior al desfile conmemorativo por el 112 [&hellip;]<\/p>\n","protected":false},"author":1,"featured_media":33697,"comment_status":"open","ping_status":"open","sticky":false,"template":"","format":"standard","meta":{"_jetpack_memberships_contains_paid_content":false,"footnotes":""},"categories":[2],"tags":[],"class_list":["post-33696","post","type-post","status-publish","format-standard","has-post-thumbnail","hentry","category-estado"],"jetpack_featured_media_url":"https:\/\/encuentroinformativo.com.mx\/wp-content\/uploads\/2022\/11\/A1A9CDBE-6282-4A45-924F-00C2E79A16C7.jpeg","jetpack_sharing_enabled":true,"jetpack_likes_enabled":true,"amp_enabled":true,"_links":{"self":[{"href":"https:\/\/encuentroinformativo.com.mx\/index.php?rest_route=\/wp\/v2\/posts\/33696","targetHints":{"allow":["GET"]}}],"collection":[{"href":"https:\/\/encuentroinformativo.com.mx\/index.php?rest_route=\/wp\/v2\/posts"}],"about":[{"href":"https:\/\/encuentroinformativo.com.mx\/index.php?rest_route=\/wp\/v2\/types\/post"}],"author":[{"embeddable":true,"href":"https:\/\/encuentroinformativo.com.mx\/index.php?rest_route=\/wp\/v2\/users\/1"}],"replies":[{"embeddable":true,"href":"https:\/\/encuentroinformativo.com.mx\/index.php?rest_route=%2Fwp%2Fv2%2Fcomments&post=33696"}],"version-history":[{"count":1,"href":"https:\/\/encuentroinformativo.com.mx\/index.php?rest_route=\/wp\/v2\/posts\/33696\/revisions"}],"predecessor-version":[{"id":33698,"href":"https:\/\/encuentroinformativo.com.mx\/index.php?rest_route=\/wp\/v2\/posts\/33696\/revisions\/33698"}],"wp:featuredmedia":[{"embeddable":true,"href":"https:\/\/encuentroinformativo.com.mx\/index.php?rest_route=\/wp\/v2\/media\/33697"}],"wp:attachment":[{"href":"https:\/\/encuentroinformativo.com.mx\/index.php?rest_route=%2Fwp%2Fv2%2Fmedia&parent=33696"}],"wp:term":[{"taxonomy":"category","embeddable":true,"href":"https:\/\/encuentroinformativo.com.mx\/index.php?rest_route=%2Fwp%2Fv2%2Fcategories&post=33696"},{"taxonomy":"post_tag","embeddable":true,"href":"https:\/\/encuentroinformativo.com.mx\/index.php?rest_route=%2Fwp%2Fv2%2Ftags&post=33696"}],"curies":[{"name":"wp","href":"https:\/\/api.w.org\/{rel}","templated":true}]}}