{"id":33705,"date":"2022-11-21T12:59:57","date_gmt":"2022-11-21T18:59:57","guid":{"rendered":"https:\/\/encuentroinformativo.com.mx\/?p=33705"},"modified":"2022-11-21T13:00:02","modified_gmt":"2022-11-21T19:00:02","slug":"promueven-actividad-navidad-es-compartir","status":"publish","type":"post","link":"https:\/\/encuentroinformativo.com.mx\/?p=33705","title":{"rendered":"Promueven actividad \u2018Navidad es Compartir\u2019"},"content":{"rendered":"\n<p><strong>Juan Arcos<\/strong><\/p>\n\n\n\n<p>Las Vigas, Ver.- El Bosque del Ciclo Verde es considerado el complejo silv\u00edcola m\u00e1s importante del sureste mexicano, con una producci\u00f3n de entre cuatro y cinco mil pinos de navidad para esta temporada.<\/p>\n\n\n\n<p>El Parque Tem\u00e1tico No\u00ebl y el Bosque del Ciclo Verde, en el municipio de Las Vigas de Ram\u00edrez, detonaron la econom\u00eda regional en la zona centro del estado de Veracruz.<\/p>\n\n\n\n<p>Se encuentran en el lado nororiental del Cofre de Perote, a 260 kil\u00f3metros al oriente del Valle de M\u00e9xico, a poco m\u00e1s de 100 kil\u00f3metros de las ciudades de Puebla y Veracruz, as\u00ed como a 29 kil\u00f3metros de la ciudad de Xalapa.<\/p>\n\n\n\n<p>El parque No\u00ebl comprende una superficie de cinco hect\u00e1reas y las plantaciones de pinos de navidad se encuentran en diez hect\u00e1reas del bosque.<\/p>\n\n\n\n<p>En conferencia de prensa, Pedro Ernesto del Castillo Cuevas, director general del Ciclo Verde, indic\u00f3 que las actividades de esta empresa generan un repunte importante en la ocupaci\u00f3n hotelera y derrama econ\u00f3mica.<\/p>\n\n\n\n<p>Tan solo en la ciudad de Xalapa, la capital del estado, se reporta un incremento del 19 por ciento en la ocupaci\u00f3n hotelera; sin embargo, esto tambi\u00e9n es notorio en Perote, Las Vigas y en otros municipios de la regi\u00f3n.<\/p>\n\n\n\n<p>El parque tem\u00e1tico y las actividades en el bosque son proyectos que tienen la caracter\u00edstica de haberse desarrollado bajo la premisa de un amplio y absoluto respeto y cuidado de la naturaleza.<\/p>\n\n\n\n<p>Hace 39 a\u00f1os se plant\u00f3 el primer arbolito de navidad. Ocho a\u00f1os despu\u00e9s se llev\u00f3 a cabo el primer corte de \u00e1rboles de navidad en sus especies: Ayacahuite, Oyamel, Cedro Blanco y Pseudosougar.<\/p>\n\n\n\n<p>Desde entonces se han venido innovando t\u00e9cnicas forestales y procedimientos de cultivo que han hecho de este complejo silv\u00edcola un ejemplo nacional de sustentabilidad ambiental, social y econ\u00f3mica.<\/p>\n\n\n\n<p>Tras el inicio de la temporada 2022, la gente acude al programa \u201cEscoja y Corte\u201d su \u00e1rbol de navidad, donde la gente visita el bosque con sus familias, elige su \u00e1rbol, lo corta y siembra uno en el mismo sitio.<\/p>\n\n\n\n<p>\u201cLa mayor parte de nuestros arbolitos son de la variedad Ayacahuite porque es una especie mexicana y podemos garantizar que bien cuidado con agua en el pie, tendr\u00e1 un gran periodo de duraci\u00f3n en sus hogares\u201d, expres\u00f3 don Pedro Ernesto.<\/p>\n\n\n\n<p>En esta temporada se dise\u00f1\u00f3 un nuevo esquema que se denomina \u201cpaseo navide\u00f1o por el bosque\u201d, el cual consiste en que las familias que no deseen adquirir su \u00e1rbol de navidad, pueden conocer y disfrutar, por una tarifa de 110 pesos por persona, de todos los atractivos y comodidades que ofrece el Bosque del Ciclo Verde, tales como \u00e1reas de picnic, asadores, fogatas, venados, juegos infantiles, restaurantes, cafeter\u00edas y m\u00fasica.<\/p>\n\n\n\n<p>\u201cSi al final deciden escoger y cortar un arbolito de navidad podr\u00e1n hacerlo y a la salida del rancho silv\u00edcola, se les bonifica la cantidad que hayan pagado a la entrada y \u00fanicamente completar\u00e1 y pagar\u00e1 la diferencia de los 890 pesos que es el precio del pinito de navidad\u201d, agreg\u00f3.<\/p>\n\n\n\n<p>Tambi\u00e9n se promueve la campa\u00f1a: \u201cMacetas, No Crucetas\u201d, con el prop\u00f3sito de que con este sistema que implica la disponibilidad de agua en el pie de los arbolitos, estos puedan nutrirse en casa y se favorezca su mayor duraci\u00f3n.<\/p>\n\n\n\n<p><strong>NO\u00cbL, EL \u00daNICO EN SU TIPO\u00a0<\/strong><br>La directora general adjunta del Corporativo del Bosque del Ciclo Verde (CBCV), Elena Villafa\u00f1a de la Garza, expuso que el Parque Tem\u00e1tico No\u00ebl es la m\u00e1xima experiencia de la navidad en los bosques de M\u00e9xico, pues es la \u00fanica de este tipo.<\/p>\n\n\n\n<p>La actividad est\u00e1 inspirada en la sustentabilidad, con el prop\u00f3sito de demostrar que los bosques pueden y deben ser un destino tur\u00edstico, ya que est\u00e1 dise\u00f1ada con tres premisas fundamentales: el cuidado de la naturaleza, el uso de la m\u00e1xima tecnolog\u00eda disponible en el mundo y el fomento de la integraci\u00f3n y convivencia familiar.<\/p>\n\n\n\n<p>En esta temporada 2022, la novedad en el parque de navidad \u00fanico en el mundo es: \u00a1Viva la Posada!, se trata una experiencia interactiva que retoma lo mejor de nuestras tradiciones navide\u00f1as, tales como cantos de la rama, posada, procesi\u00f3n, velitas, m\u00fasica alegre y sorpresas.<\/p>\n\n\n\n<p>\u201cCon ello, tratamos de rescatar y revivir recuerdos de tiempos pasados e inculcar a las nuevas generaciones las tradiciones mexicanas. Con el apoyo de nuevas tecnolog\u00edas, presentamos en esta temporada \u00a1las aventuras en la cueva del gru\u00f1\u00f3n! una experiencia que nos har\u00e1 vivir, en realidad virtual, una monta\u00f1a rusa con un c\u00famulo de emociones, sacudidas e inesperadas sensaciones\u201d, expres\u00f3.<\/p>\n\n\n\n<p>Adem\u00e1s, los visitantes podr\u00e1n disfrutar de una gran diversidad de experiencias como el Milagro del Bosque, la Casa de Santa, la F\u00e1brica de Juguetes, la Villa de los Duendes, el Bosque de los Deseos de Navidad, el Show del Gru\u00f1\u00f3n, el encendido del \u00e1rbol y las nevadas en la Villa Korvatunturi.<\/p>\n\n\n\n<p><strong>NAVIDAD ES COMPARTIR\u00a0<\/strong><br>Tambi\u00e9n anunci\u00f3 el programa \u201cNavidad es Compartir\u201d, el cual consiste en que los ni\u00f1os y ni\u00f1as que visitan el Bosque del Ciclo Verde traigan uno o muchos juguetes, que est\u00e9n en buenas condiciones, y los depositen bajo el \u00e1rbol de navidad que se encuentra en la \u201cPlazoleta de la Alegr\u00eda\u201d.<\/p>\n\n\n\n<p>\u201cTodas estas aportaciones ser\u00e1n entregadas a los ni\u00f1os que viven en las comunidades rurales del Cofre de Perote\u201d, enfatiz\u00f3.<\/p>\n\n\n\n<p>La Directora General Adjunta hizo una atenta invitaci\u00f3n para que todos los asistentes aprovechen las atractivas promociones que ofrecen las empresas de hoteles, restaurantes y de servicios tur\u00edsticos afiliados al programa \u201cAmigos del Bosque del Ciclo Verde\u201d.<\/p>\n\n\n\n<p>La temporada 2022 del sistema \u201cEscoja y Corte\u201d y del Parque Tem\u00e1tico No\u00ebl est\u00e1 programada del 12 de noviembre al 18 diciembre, s\u00f3lo s\u00e1bados y domingos de nueve de la ma\u00f1ana a nueve de la noche.<\/p>\n\n\n\n<figure class=\"wp-block-image size-large\"><img loading=\"lazy\" decoding=\"async\" width=\"1024\" height=\"768\" src=\"https:\/\/encuentroinformativo.com.mx\/wp-content\/uploads\/2022\/11\/D21A4D8B-F557-4A0A-98D5-D8180069AC00-1024x768.jpeg\" alt=\"\" class=\"wp-image-33707\" srcset=\"https:\/\/encuentroinformativo.com.mx\/wp-content\/uploads\/2022\/11\/D21A4D8B-F557-4A0A-98D5-D8180069AC00-1024x768.jpeg 1024w, https:\/\/encuentroinformativo.com.mx\/wp-content\/uploads\/2022\/11\/D21A4D8B-F557-4A0A-98D5-D8180069AC00-300x225.jpeg 300w, https:\/\/encuentroinformativo.com.mx\/wp-content\/uploads\/2022\/11\/D21A4D8B-F557-4A0A-98D5-D8180069AC00-768x576.jpeg 768w, https:\/\/encuentroinformativo.com.mx\/wp-content\/uploads\/2022\/11\/D21A4D8B-F557-4A0A-98D5-D8180069AC00-1536x1152.jpeg 1536w, https:\/\/encuentroinformativo.com.mx\/wp-content\/uploads\/2022\/11\/D21A4D8B-F557-4A0A-98D5-D8180069AC00.jpeg 2016w\" sizes=\"auto, (max-width: 1024px) 100vw, 1024px\" \/><\/figure>\n\n\n\n<figure class=\"wp-block-image size-large\"><img loading=\"lazy\" decoding=\"async\" width=\"1024\" height=\"768\" src=\"https:\/\/encuentroinformativo.com.mx\/wp-content\/uploads\/2022\/11\/220A484F-5F2F-43B4-AAF1-F32A6C640AA3-1024x768.jpeg\" alt=\"\" class=\"wp-image-33708\" srcset=\"https:\/\/encuentroinformativo.com.mx\/wp-content\/uploads\/2022\/11\/220A484F-5F2F-43B4-AAF1-F32A6C640AA3-1024x768.jpeg 1024w, https:\/\/encuentroinformativo.com.mx\/wp-content\/uploads\/2022\/11\/220A484F-5F2F-43B4-AAF1-F32A6C640AA3-300x225.jpeg 300w, https:\/\/encuentroinformativo.com.mx\/wp-content\/uploads\/2022\/11\/220A484F-5F2F-43B4-AAF1-F32A6C640AA3-768x576.jpeg 768w, https:\/\/encuentroinformativo.com.mx\/wp-content\/uploads\/2022\/11\/220A484F-5F2F-43B4-AAF1-F32A6C640AA3-1536x1152.jpeg 1536w, https:\/\/encuentroinformativo.com.mx\/wp-content\/uploads\/2022\/11\/220A484F-5F2F-43B4-AAF1-F32A6C640AA3.jpeg 2016w\" sizes=\"auto, (max-width: 1024px) 100vw, 1024px\" \/><\/figure>\n","protected":false},"excerpt":{"rendered":"<p>Juan Arcos Las Vigas, Ver.- El Bosque del Ciclo Verde es considerado el complejo silv\u00edcola m\u00e1s importante del sureste mexicano, con una producci\u00f3n de entre cuatro y cinco mil pinos de navidad para esta temporada. El Parque Tem\u00e1tico No\u00ebl y el Bosque del Ciclo Verde, en el municipio de Las Vigas de Ram\u00edrez, detonaron la [&hellip;]<\/p>\n","protected":false},"author":1,"featured_media":33706,"comment_status":"open","ping_status":"open","sticky":false,"template":"","format":"standard","meta":{"_jetpack_memberships_contains_paid_content":false,"footnotes":""},"categories":[8],"tags":[],"class_list":["post-33705","post","type-post","status-publish","format-standard","has-post-thumbnail","hentry","category-region"],"jetpack_featured_media_url":"https:\/\/encuentroinformativo.com.mx\/wp-content\/uploads\/2022\/11\/D44EFE82-97BE-48BA-9030-585FFC711965.jpeg","jetpack_sharing_enabled":true,"jetpack_likes_enabled":true,"amp_enabled":true,"_links":{"self":[{"href":"https:\/\/encuentroinformativo.com.mx\/index.php?rest_route=\/wp\/v2\/posts\/33705","targetHints":{"allow":["GET"]}}],"collection":[{"href":"https:\/\/encuentroinformativo.com.mx\/index.php?rest_route=\/wp\/v2\/posts"}],"about":[{"href":"https:\/\/encuentroinformativo.com.mx\/index.php?rest_route=\/wp\/v2\/types\/post"}],"author":[{"embeddable":true,"href":"https:\/\/encuentroinformativo.com.mx\/index.php?rest_route=\/wp\/v2\/users\/1"}],"replies":[{"embeddable":true,"href":"https:\/\/encuentroinformativo.com.mx\/index.php?rest_route=%2Fwp%2Fv2%2Fcomments&post=33705"}],"version-history":[{"count":1,"href":"https:\/\/encuentroinformativo.com.mx\/index.php?rest_route=\/wp\/v2\/posts\/33705\/revisions"}],"predecessor-version":[{"id":33709,"href":"https:\/\/encuentroinformativo.com.mx\/index.php?rest_route=\/wp\/v2\/posts\/33705\/revisions\/33709"}],"wp:featuredmedia":[{"embeddable":true,"href":"https:\/\/encuentroinformativo.com.mx\/index.php?rest_route=\/wp\/v2\/media\/33706"}],"wp:attachment":[{"href":"https:\/\/encuentroinformativo.com.mx\/index.php?rest_route=%2Fwp%2Fv2%2Fmedia&parent=33705"}],"wp:term":[{"taxonomy":"category","embeddable":true,"href":"https:\/\/encuentroinformativo.com.mx\/index.php?rest_route=%2Fwp%2Fv2%2Fcategories&post=33705"},{"taxonomy":"post_tag","embeddable":true,"href":"https:\/\/encuentroinformativo.com.mx\/index.php?rest_route=%2Fwp%2Fv2%2Ftags&post=33705"}],"curies":[{"name":"wp","href":"https:\/\/api.w.org\/{rel}","templated":true}]}}