{"id":33715,"date":"2022-11-21T14:14:42","date_gmt":"2022-11-21T20:14:42","guid":{"rendered":"https:\/\/encuentroinformativo.com.mx\/?p=33715"},"modified":"2022-11-21T14:14:49","modified_gmt":"2022-11-21T20:14:49","slug":"por-casos-de-psicosis-aplicaran-talleres-de-apoyo-en-escuelas","status":"publish","type":"post","link":"https:\/\/encuentroinformativo.com.mx\/?p=33715","title":{"rendered":"Por casos de psicosis, aplicar\u00e1n talleres de apoyo en escuelas"},"content":{"rendered":"\n<p><strong>Dar\u00edo Pale<\/strong><\/p>\n\n\n\n<p>Xalapa, Ver.- Tras la psicosis colectiva que se present\u00f3 en \u00c1lamo habr\u00e1 talleres de apoyo socioemocional en todo el Estado, as\u00ed lo inform\u00f3 la subsecretar\u00eda de Educaci\u00f3n B\u00e1sica de la Secretar\u00eda de Educaci\u00f3n de Veracruz, Maritza Ram\u00edrez Aguilar.<\/p>\n\n\n\n<p>En entrevista reconoci\u00f3 que ciertamente las redes sociales se han convertido en un problema, que no ayudan del todo con la informaci\u00f3n que los j\u00f3venes reciben.<\/p>\n\n\n\n<p>Incluso, consider\u00f3 que es demasiada la informaci\u00f3n que reciben a trav\u00e9s de los diversos gadgets y redes sociales.<\/p>\n\n\n\n<p>Es por ello que pidi\u00f3 a los padres de familia que est\u00e9n al pendiente y monitorear el tiempo que pasan frente a los dispositivos y lo que est\u00e1n viendo.<\/p>\n\n\n\n<p>&#8220;Invitar a los j\u00f3venes para que tambi\u00e9n ellos no entren en este tema de retos que no ayudan a bienestar f\u00edsico, emocional de los ni\u00f1os y las ni\u00f1as&#8221;, coment\u00f3.<\/p>\n\n\n\n<p>Se\u00f1al\u00f3 que despu\u00e9s de lo que sucedi\u00f3 en la escuela secundaria t\u00e9cnica n\u00famero 67 del municipio de \u00c1lamo, la dependencia iniciar\u00e1 talleres para el apoyo socioemocional con los 12 mil consejos de participaci\u00f3n escolar en el Estado.<\/p>\n\n\n\n<p>&#8220;Esperamos que las escuelas comiencen diferentes protocolos para trabajar el tema socioemocional y estamos trabajando con los consejos de participaci\u00f3n escolar que tenemos en todo el Estado&#8221;, se\u00f1al\u00f3.<\/p>\n\n\n\n<p>&#8220;Vamos a implementar cursos, talleres con padres de familia para dar el acompa\u00f1amiento a nuestros alumnos y alumnas de educaci\u00f3n b\u00e1sica, van a ser talleres que se van a implementar con los 12 mil consejos de participaci\u00f3n escolar en el Estado&#8221;, agreg\u00f3.<\/p>\n\n\n\n<p>Indic\u00f3 que la idea es que tanto padres de familia como docentes trabajen de manera socioemocional con los estudiantes.<\/p>\n\n\n\n<p>Asever\u00f3 que despu\u00e9s de una pandemia los j\u00f3venes regresaron con muchas &#8220;situaciones de casa&#8221; y aunque los profesores est\u00e1n haciendo algo al respecto, es necesario reforzar y trabajar de la mano con la comunidad como lo define la Nueva Escuela Mexicana.<\/p>\n\n\n\n<p>&#8220;Esto va a permitir que se desarrolle en armon\u00eda el d\u00eda a d\u00eda en las escuelas&#8221;, abund\u00f3.<\/p>\n\n\n\n<p>En cuanto a la secundaria de \u00c1lamo, Ram\u00edrez Aguilar dijo que el plantel sigue sin abrirse, pero en breve regresar\u00e1n a la actividad.<\/p>\n\n\n\n<p>Expuso que el titular, Zenyazen Escobar Garc\u00eda ha seguido muy al pendiente de los 48 estudiantes que manifestaron diversos s\u00edntomas y que el Estado defini\u00f3 que fue una psic\u00f3sis colectiva.<\/p>\n\n\n\n<p>Finalmente te dio a conocer que &#8220;la escuela t\u00e9cnica de \u00c1lamo est\u00e1 por abrirse, los chicos est\u00e1n todos con an\u00e1lisis de salud, ya se tuvo tambi\u00e9n asamblea con los padres de familia&#8221;.<\/p>\n","protected":false},"excerpt":{"rendered":"<p>Dar\u00edo Pale Xalapa, Ver.- Tras la psicosis colectiva que se present\u00f3 en \u00c1lamo habr\u00e1 talleres de apoyo socioemocional en todo el Estado, as\u00ed lo inform\u00f3 la subsecretar\u00eda de Educaci\u00f3n B\u00e1sica de la Secretar\u00eda de Educaci\u00f3n de Veracruz, Maritza Ram\u00edrez Aguilar. En entrevista reconoci\u00f3 que ciertamente las redes sociales se han convertido en un problema, que [&hellip;]<\/p>\n","protected":false},"author":1,"featured_media":33716,"comment_status":"open","ping_status":"open","sticky":false,"template":"","format":"standard","meta":{"_jetpack_memberships_contains_paid_content":false,"footnotes":""},"categories":[2],"tags":[],"class_list":["post-33715","post","type-post","status-publish","format-standard","has-post-thumbnail","hentry","category-estado"],"jetpack_featured_media_url":"https:\/\/encuentroinformativo.com.mx\/wp-content\/uploads\/2022\/11\/15F783A2-E5F1-40C6-860B-7EC5022AA0C7.jpeg","jetpack_sharing_enabled":true,"jetpack_likes_enabled":true,"amp_enabled":true,"_links":{"self":[{"href":"https:\/\/encuentroinformativo.com.mx\/index.php?rest_route=\/wp\/v2\/posts\/33715","targetHints":{"allow":["GET"]}}],"collection":[{"href":"https:\/\/encuentroinformativo.com.mx\/index.php?rest_route=\/wp\/v2\/posts"}],"about":[{"href":"https:\/\/encuentroinformativo.com.mx\/index.php?rest_route=\/wp\/v2\/types\/post"}],"author":[{"embeddable":true,"href":"https:\/\/encuentroinformativo.com.mx\/index.php?rest_route=\/wp\/v2\/users\/1"}],"replies":[{"embeddable":true,"href":"https:\/\/encuentroinformativo.com.mx\/index.php?rest_route=%2Fwp%2Fv2%2Fcomments&post=33715"}],"version-history":[{"count":1,"href":"https:\/\/encuentroinformativo.com.mx\/index.php?rest_route=\/wp\/v2\/posts\/33715\/revisions"}],"predecessor-version":[{"id":33717,"href":"https:\/\/encuentroinformativo.com.mx\/index.php?rest_route=\/wp\/v2\/posts\/33715\/revisions\/33717"}],"wp:featuredmedia":[{"embeddable":true,"href":"https:\/\/encuentroinformativo.com.mx\/index.php?rest_route=\/wp\/v2\/media\/33716"}],"wp:attachment":[{"href":"https:\/\/encuentroinformativo.com.mx\/index.php?rest_route=%2Fwp%2Fv2%2Fmedia&parent=33715"}],"wp:term":[{"taxonomy":"category","embeddable":true,"href":"https:\/\/encuentroinformativo.com.mx\/index.php?rest_route=%2Fwp%2Fv2%2Fcategories&post=33715"},{"taxonomy":"post_tag","embeddable":true,"href":"https:\/\/encuentroinformativo.com.mx\/index.php?rest_route=%2Fwp%2Fv2%2Ftags&post=33715"}],"curies":[{"name":"wp","href":"https:\/\/api.w.org\/{rel}","templated":true}]}}