{"id":33718,"date":"2022-11-21T15:12:28","date_gmt":"2022-11-21T21:12:28","guid":{"rendered":"https:\/\/encuentroinformativo.com.mx\/?p=33718"},"modified":"2022-11-21T15:12:32","modified_gmt":"2022-11-21T21:12:32","slug":"promueve-gobernador-asistencia-a-marcha-de-respaldo-al-presidente","status":"publish","type":"post","link":"https:\/\/encuentroinformativo.com.mx\/?p=33718","title":{"rendered":"Promueve Gobernador asistencia a marcha de respaldo al Presidente"},"content":{"rendered":"\n<p><strong>Dar\u00edo Pale <\/strong><\/p>\n\n\n\n<p>Xalapa, Ver.- El gobernador del estado Cuitl\u00e1huac Garc\u00eda Jim\u00e9nez dio a conocer que asistir\u00e1 el pr\u00f3ximo 27 de noviembre a la marcha que convoc\u00f3 el presidente de M\u00e9xico Andr\u00e9s Manuel L\u00f3pez Obrador, tambi\u00e9n asistir\u00e1n los secretarios de despacho.<\/p>\n\n\n\n<p>En entrevista se\u00f1al\u00f3 que el Presidente que tiene la m\u00e1s alta aceptaci\u00f3n de todos los presidentes que lo antecedieron por lo que confirm\u00f3 que el domingo 27 de noviembre participar\u00e1 en la marcha que convoc\u00f3 y que ese d\u00eda tambi\u00e9n asistir\u00e1n los servidores p\u00fablicos y espera que tambi\u00e9n puedan llevar a sus familias.<\/p>\n\n\n\n<p>&#8220;Queremos ir muchos, muchos, muchos. Yo voy a estar ah\u00ed y voy a ir de manera organizada con los compa\u00f1eros&#8221;, coment\u00f3.<\/p>\n\n\n\n<p>&#8220;Ya estamos poni\u00e9ndonos de acuerdo para irnos todos. Es domingo es un d\u00eda libre. Los domingos los hemos ocupado para varias actividades, ahora este domingo en lugar de ver a la familia o quiz\u00e1 viendo los partidos vamos a estar acompa\u00f1ando al Presidente&#8221;, agreg\u00f3.<\/p>\n\n\n\n<p>Sostuvo que el ejecutivo federal es el presidente que tiene la m\u00e1s alta aceptaci\u00f3n de todos los presidentes que lo antecedieron y que para ser el cuarto a\u00f1o de gobierno y mantener el 70 por ciento de aceptaci\u00f3n, quiere decir que &#8220;millones y millones&#8221; de mexicanos lo respaldan.<\/p>\n\n\n\n<p>En cuanto a que se les estar\u00eda pasando la charola a los alcaldes y alcaldesas para llevar gente a la marcha, respondi\u00f3 que todos los que forman parte del Morena saben c\u00f3mo organizarse y por lo tanto ir\u00e1n bastantes y reiter\u00f3 que por ser domingo podr\u00e1n asistir muchos servidores p\u00fablicos.<\/p>\n\n\n\n<p>Asimismo, sobre la presencia de la marcha de FRENNA ese mismo d\u00eda, opin\u00f3 que este es un pa\u00eds de libertades.<\/p>\n\n\n\n<p>En otro orden de ideas, reiter\u00f3 que la administraci\u00f3n no parar\u00e1 por los partidos de f\u00fatbol de Qatar, ni se colocar\u00e1n pantallas porque los partidos son en horas y d\u00edas de oficina, aunque no descart\u00f3 que si alguno cayera en fin de semana, analizar\u00e1n colocar alguna pantalla.<\/p>\n\n\n\n<p>En cuanto a la instalaci\u00f3n de Gas del Noroeste, que ya estar\u00eda ofreciendo sus servicios, esperando la autorizaci\u00f3n, en la zona conurbada de Veracruz, opin\u00f3 que cada municipio sabe c\u00f3mo atender sus necesidades de gas.<\/p>\n\n\n\n<p>Finalmente se\u00f1al\u00f3 que, &#8220;esos permisos los da la SENER, ellos determinar\u00e1n, hay empresas que tienen permisos, incluso esa empresa tiene permiso para dar el gas de otra manera&#8221;.<\/p>\n","protected":false},"excerpt":{"rendered":"<p>Dar\u00edo Pale Xalapa, Ver.- El gobernador del estado Cuitl\u00e1huac Garc\u00eda Jim\u00e9nez dio a conocer que asistir\u00e1 el pr\u00f3ximo 27 de noviembre a la marcha que convoc\u00f3 el presidente de M\u00e9xico Andr\u00e9s Manuel L\u00f3pez Obrador, tambi\u00e9n asistir\u00e1n los secretarios de despacho. En entrevista se\u00f1al\u00f3 que el Presidente que tiene la m\u00e1s alta aceptaci\u00f3n de todos los [&hellip;]<\/p>\n","protected":false},"author":1,"featured_media":33719,"comment_status":"open","ping_status":"open","sticky":false,"template":"","format":"standard","meta":{"_jetpack_memberships_contains_paid_content":false,"footnotes":""},"categories":[2],"tags":[],"class_list":["post-33718","post","type-post","status-publish","format-standard","has-post-thumbnail","hentry","category-estado"],"jetpack_featured_media_url":"https:\/\/encuentroinformativo.com.mx\/wp-content\/uploads\/2022\/11\/0C44AB1F-85E6-490D-8970-D408210A9843.jpeg","jetpack_sharing_enabled":true,"jetpack_likes_enabled":true,"amp_enabled":true,"_links":{"self":[{"href":"https:\/\/encuentroinformativo.com.mx\/index.php?rest_route=\/wp\/v2\/posts\/33718","targetHints":{"allow":["GET"]}}],"collection":[{"href":"https:\/\/encuentroinformativo.com.mx\/index.php?rest_route=\/wp\/v2\/posts"}],"about":[{"href":"https:\/\/encuentroinformativo.com.mx\/index.php?rest_route=\/wp\/v2\/types\/post"}],"author":[{"embeddable":true,"href":"https:\/\/encuentroinformativo.com.mx\/index.php?rest_route=\/wp\/v2\/users\/1"}],"replies":[{"embeddable":true,"href":"https:\/\/encuentroinformativo.com.mx\/index.php?rest_route=%2Fwp%2Fv2%2Fcomments&post=33718"}],"version-history":[{"count":1,"href":"https:\/\/encuentroinformativo.com.mx\/index.php?rest_route=\/wp\/v2\/posts\/33718\/revisions"}],"predecessor-version":[{"id":33720,"href":"https:\/\/encuentroinformativo.com.mx\/index.php?rest_route=\/wp\/v2\/posts\/33718\/revisions\/33720"}],"wp:featuredmedia":[{"embeddable":true,"href":"https:\/\/encuentroinformativo.com.mx\/index.php?rest_route=\/wp\/v2\/media\/33719"}],"wp:attachment":[{"href":"https:\/\/encuentroinformativo.com.mx\/index.php?rest_route=%2Fwp%2Fv2%2Fmedia&parent=33718"}],"wp:term":[{"taxonomy":"category","embeddable":true,"href":"https:\/\/encuentroinformativo.com.mx\/index.php?rest_route=%2Fwp%2Fv2%2Fcategories&post=33718"},{"taxonomy":"post_tag","embeddable":true,"href":"https:\/\/encuentroinformativo.com.mx\/index.php?rest_route=%2Fwp%2Fv2%2Ftags&post=33718"}],"curies":[{"name":"wp","href":"https:\/\/api.w.org\/{rel}","templated":true}]}}