{"id":33724,"date":"2022-11-22T11:56:01","date_gmt":"2022-11-22T17:56:01","guid":{"rendered":"https:\/\/encuentroinformativo.com.mx\/?p=33724"},"modified":"2022-11-22T11:56:05","modified_gmt":"2022-11-22T17:56:05","slug":"otra-mujer-al-pjev","status":"publish","type":"post","link":"https:\/\/encuentroinformativo.com.mx\/?p=33724","title":{"rendered":"OTRA MUJER AL PJEV"},"content":{"rendered":"\n<p><strong>N\u00fameros Rojos\u00a0<\/strong><\/p>\n\n\n\n<p><strong>Brenda Caballero<\/strong><\/p>\n\n\n\n<p>Diciembre ha de darnos una nueva titular en el Poder Judicial despu\u00e9s de que a la magistrada Isabel In\u00e9s Romero Cruz se le acabe la dispensa concedida por el&nbsp; Poder Legislativo que de cierto modo contradijo el Art\u00edculo 59 de la Constituci\u00f3n Pol\u00edtica del Estado de Veracruz que establece que: ser\u00e1 motivo para retiro forzoso haber cumplido diez a\u00f1os en el cargo, sin ratificaci\u00f3n; haber cumplido setenta a\u00f1os de edad; o haber cumplido quince a\u00f1os en el cargo. En el caso de Isabel In\u00e9s, le aplic\u00f3 la edad m\u00e1xima para ser magistrada.<\/p>\n\n\n\n<p>Pero \u00bfpor qu\u00e9 nueva titular y no nuevo titular? Tomado en cuenta que actualmente hay 13 magistradas y 12 magistrados vigentes en las diversas salas, la probabilidad de que sea una mujer es mayor, aunque no olvidemos que la l\u00f3gica de este Gobierno a nivel federal y estatal ha sido cumplir la paridad de g\u00e9nero en su gabinete, desde secretar\u00edas, direcciones y dem\u00e1s, misma que permea en el resto de los \u00f3rganos aut\u00f3nomos y poderes, como el Orfis, la Fiscal\u00eda, o en la presidencia de la mesa directiva del Congreso y hasta en el Poder Judicial, lo que nos llevar\u00eda a suponer que quien suceder\u00e1 a Isabel In\u00e9s ser\u00eda otra mujer\u2026 El asunto es \u00bfcu\u00e1l Magistrada?<\/p>\n\n\n\n<p>Nombres citan y nombres van y vienen entre quienes han de suceder a Romero Cruz; nombres que van desde lo il\u00f3gico hasta lo ideal, de acuerdo a la perspectiva de quienes apoyan una idea, propuesta o precandidatura.<\/p>\n\n\n\n<p>Aqu\u00ed es donde entra lo il\u00f3gico del juego pol\u00edtico de la sucesi\u00f3n en el Poder Judicial\u2026 \u00bfha le\u00eddo cu\u00e1ntas veces se ha citado el nombre de Ailett Garc\u00eda Cayetano, Presidenta de la Tercera Sala en Materia Penal, previo a que se le acabara el veinte a Isabel In\u00e9s, misma cantaleta que se arrecia a d\u00edas de que haya el relevo? Es m\u00e1s, hasta la incluyeron en la terna para ser la titular en el periodo 2022-2025.<\/p>\n\n\n\n<p>Pero \u00bfQu\u00e9 posibilidades tiene Ailett de llegar a la presidencia del Poder Judicial? Nos queda claro que en esta Cuarta Transformaci\u00f3n, \u00a1todas!<\/p>\n\n\n\n<p>Ahora que si acudimos a lo ideal, por qu\u00e9 no voltear a ver a la Magistrada Mar\u00eda Lilia Viveros Ram\u00edrez, a quien tambi\u00e9n citan entre las Posibles y que actualmente es presidenta de la Octava Sala en materia Familiar<\/p>\n\n\n\n<p>\u00bfPor qu\u00e9 Viveros Ram\u00edrez?<\/p>\n\n\n\n<p>En primer lugar, tiene una gran trayectoria dentro del Poder Judicial en el Estado; ha sido Secretaria de Estudio y Cuenta, adscrita a la Sala de Responsabilidad Juvenil; fue la Primera Mujer Secretaria Adjunta al Consejo de la Judicatura y jueza municipal, jueza interina del juzgado de paz de Alvarado, Veracruz.<\/p>\n\n\n\n<p>Ella tambi\u00e9n ha sido docente de tiempo completo de la Facultad de Derecho de la Universidad Veracruzana, donde tambi\u00e9n obtuvo su titulaci\u00f3n autom\u00e1tica.<\/p>\n\n\n\n<p>Su amplia experiencia en derechos humanos y de g\u00e9nero sin duda abonar\u00eda a mejorar la impartici\u00f3n de justicia de un poder que se ha visto menguado por la pol\u00e9mica salida de Sof\u00eda Mart\u00ednez Huerta y la titularidad ejercida de Isabel In\u00e9s Romero Cruz.&nbsp;<\/p>\n\n\n\n<p>Mar\u00eda Lilia estuvo tambi\u00e9n en el Grupo de Trabajo de la Alertas de Violencia de G\u00e9nero por Agravio Comparado implementada en Veracruz, lo que sin duda ayudar\u00eda a darle un mayor \u00e9nfasis a la justicia con perspectiva de G\u00e9nero en un estado que ocupa los primeros lugares de feminicidios en el pa\u00eds.<\/p>\n\n\n\n<p>Adem\u00e1s de que la sala que preside atiende la c\u00e9lula social de nuestra sociedad y sus diversos avatares y vicisitudes que van desde los problemas econ\u00f3micos hasta grandes tragedias que esta sala, a veces tiene que atender, resolver y velar porque haya una mejor soluci\u00f3n para la mayor\u00eda de las veces, el elemento m\u00e1s vulnerable de esta c\u00e9lula social: los hijos.<\/p>\n\n\n\n<p>Solo faltan unos d\u00edas para conocer a la nueva titular. \u00bfA qui\u00e9n designar\u00e1 el Pleno para que vele en todo momento por la independencia y autonom\u00eda de los \u00f3rganos que integran el Poder Judicial&nbsp; y por la inviolabilidad de los recintos judiciales?<\/p>\n\n\n\n<p>Twiter: @NumerosRojos_BC<\/p>\n\n\n\n<p><a href=\"mailto:caballero_brenda@hotmail.com\" target=\"_blank\" rel=\"noreferrer noopener\">caballero_brenda@hotmail.com<\/a><\/p>\n","protected":false},"excerpt":{"rendered":"<p>N\u00fameros Rojos\u00a0 Brenda Caballero Diciembre ha de darnos una nueva titular en el Poder Judicial despu\u00e9s de que a la magistrada Isabel In\u00e9s Romero Cruz se le acabe la dispensa concedida por el&nbsp; Poder Legislativo que de cierto modo contradijo el Art\u00edculo 59 de la Constituci\u00f3n Pol\u00edtica del Estado de Veracruz que establece que: ser\u00e1 [&hellip;]<\/p>\n","protected":false},"author":1,"featured_media":387,"comment_status":"open","ping_status":"open","sticky":false,"template":"","format":"standard","meta":{"_jetpack_memberships_contains_paid_content":false,"footnotes":""},"categories":[11],"tags":[],"class_list":["post-33724","post","type-post","status-publish","format-standard","has-post-thumbnail","hentry","category-opinion"],"jetpack_featured_media_url":"https:\/\/encuentroinformativo.com.mx\/wp-content\/uploads\/2020\/03\/7CF8A22B-2764-47BE-8F7F-38FE9E5D6A2F.jpeg","jetpack_sharing_enabled":true,"jetpack_likes_enabled":true,"amp_enabled":true,"_links":{"self":[{"href":"https:\/\/encuentroinformativo.com.mx\/index.php?rest_route=\/wp\/v2\/posts\/33724","targetHints":{"allow":["GET"]}}],"collection":[{"href":"https:\/\/encuentroinformativo.com.mx\/index.php?rest_route=\/wp\/v2\/posts"}],"about":[{"href":"https:\/\/encuentroinformativo.com.mx\/index.php?rest_route=\/wp\/v2\/types\/post"}],"author":[{"embeddable":true,"href":"https:\/\/encuentroinformativo.com.mx\/index.php?rest_route=\/wp\/v2\/users\/1"}],"replies":[{"embeddable":true,"href":"https:\/\/encuentroinformativo.com.mx\/index.php?rest_route=%2Fwp%2Fv2%2Fcomments&post=33724"}],"version-history":[{"count":1,"href":"https:\/\/encuentroinformativo.com.mx\/index.php?rest_route=\/wp\/v2\/posts\/33724\/revisions"}],"predecessor-version":[{"id":33725,"href":"https:\/\/encuentroinformativo.com.mx\/index.php?rest_route=\/wp\/v2\/posts\/33724\/revisions\/33725"}],"wp:featuredmedia":[{"embeddable":true,"href":"https:\/\/encuentroinformativo.com.mx\/index.php?rest_route=\/wp\/v2\/media\/387"}],"wp:attachment":[{"href":"https:\/\/encuentroinformativo.com.mx\/index.php?rest_route=%2Fwp%2Fv2%2Fmedia&parent=33724"}],"wp:term":[{"taxonomy":"category","embeddable":true,"href":"https:\/\/encuentroinformativo.com.mx\/index.php?rest_route=%2Fwp%2Fv2%2Fcategories&post=33724"},{"taxonomy":"post_tag","embeddable":true,"href":"https:\/\/encuentroinformativo.com.mx\/index.php?rest_route=%2Fwp%2Fv2%2Ftags&post=33724"}],"curies":[{"name":"wp","href":"https:\/\/api.w.org\/{rel}","templated":true}]}}