{"id":33728,"date":"2022-11-22T12:02:28","date_gmt":"2022-11-22T18:02:28","guid":{"rendered":"https:\/\/encuentroinformativo.com.mx\/?p=33728"},"modified":"2022-11-22T12:02:31","modified_gmt":"2022-11-22T18:02:31","slug":"la-marcha-de-amlo-una-medicion-de-musculo-para-2024","status":"publish","type":"post","link":"https:\/\/encuentroinformativo.com.mx\/?p=33728","title":{"rendered":"LA MARCHA DE AMLO: UNA MEDICI\u00d3N DE M\u00daSCULO PARA 2024"},"content":{"rendered":"\n<p><strong>ColumnaSinNombre<br>@pablojair<\/strong><\/p>\n\n\n\n<ul class=\"wp-block-list\"><li>Querido Pablo Milan\u00e9s.<\/li><\/ul>\n\n\n\n<p>Lo que brilla con luz propia nadie lo puede apagar.<br>Su brillo puede alcanzar la oscuridad de otras costas.<br>&#8211;Canci\u00f3n Por La Unidad Latinoamericana.<\/p>\n\n\n\n<p>Empec\u00e9 a escribir esta columna y a la mitad de la redactada me enter\u00e9 que hab\u00eda fallecido Pablo Milan\u00e9s; uno de mis h\u00e9roes musicales de mi juventud ya cada vez m\u00e1s lejana. Si ven que est\u00e1 desganada, ustedes disculpen, pero s\u00ed me doli\u00f3 la noticia\u2026 Va\u2026<\/p>\n\n\n\n<p>Es muy probable que la marcha programada para el 27 de noviembre en la Ciudad de M\u00e9xico, y que ser\u00e1 encabezada por el presidente Andr\u00e9s Manuel L\u00f3pez Obrador, sea m\u00e1s multitudinaria que la realizada el pasado d\u00eda 13, cuando se juntaron sus principales enemigos pol\u00edticos, m\u00e1s all\u00e1 de la bandera de &#8220;defender&#8221; al Instituto Nacional Electoral (INE).<\/p>\n\n\n\n<p>Ya se ha visto en varias ocasiones que si alguien tiene la capacidad de convocar a miles de personas en el Z\u00f3calo de la capital del pa\u00eds (desde que era jefe de Gobierno) es precisamente L\u00f3pez Obrador, quien adem\u00e1s ser\u00e1 arropado no s\u00f3lo por sus simpatizantes locales, sino por los provenientes de diversas partes de la rep\u00fablica.<\/p>\n\n\n\n<p>La marcha-mitin obviamente es la respuesta a la del 13 de noviembre, que hizo mucho ruido y tambi\u00e9n fue multitudinaria; una concentraci\u00f3n &#8220;ciudadana&#8221; de pol\u00edticos de oposici\u00f3n, militantes de otros partidos contrarios a Morena, grupos antiAMLO, etc. Una movilizaci\u00f3n liderada por lo m\u00e1s rancio y nefasto de la pol\u00edtica mexicana: Vicente Fox, Elba Esther Gordillo, Roberto Madrazo, entre otros.<\/p>\n\n\n\n<p>No obstante, basta recordar que la mitad de la CDMX actualmente se encuentra en manos de la oposici\u00f3n, ya que perdi\u00f3 en las elecciones de 2021 su posici\u00f3n privilegiada como basti\u00f3n del lopezobradorismo, quedando pr\u00e1cticamente dividida la capital mexicana en dos. Esa gran mitad es la que aport\u00f3 a mucha gente para la movilizaci\u00f3n en la supuesta defensa del INE, lo que no se puede desde\u00f1ar o minimizar.<\/p>\n\n\n\n<p>Seg\u00fan cifras, la marcha de los opositores que tom\u00f3 como bandera la defensa del Instituto Nacional Electoral, anduvo entre 50 y 60 mil gentes (no 10 mil como hab\u00eda dicho el bruto secretario de la CDMX, Mart\u00ed Batres, descalificado hasta por la propia jefa de Gobierno, Claudia Sheinbaum), pero se vislumbra que la encabezada por L\u00f3pez Obrador pueda reunir f\u00e1cilmente m\u00e1s de 100 mil gentes o m\u00e1s.<\/p>\n\n\n\n<p>Desde Xalapa, el gobernador Cuitl\u00e1huac ya confirm\u00f3 que \u00e9l y miembros de su gabinete (m\u00e1s alcaldes, diputados y los que se sumen de Veracruz) estar\u00e1n marchando junto al presidente ese domingo, justificando que es un d\u00eda donde pueden realizar actividades libres; en este caso, de tipo pol\u00edtico.<\/p>\n\n\n\n<p>La verdad es que la &#8220;oposici\u00f3n marchante&#8221; tampoco creo que espante o ponga nervioso a AMLO, quien si de algo sabe es de marchas, movilizaciones y hasta de cierre de calles como Reforma. Sabe que tiene un gran poder de convocatoria y que sin problema demostrar\u00e1 el \u201cmi barrio me respalda\u201d.<\/p>\n\n\n\n<p>Y es que la &#8220;lucha social&#8221; que ahora busca retomar la oposici\u00f3n (enti\u00e9ndase m\u00e1s bien, los enemigos del presidente), tiene como fondo a una clase pol\u00edtica que est\u00e1 muy enojada por haber perdido los privilegios que durante a\u00f1os tuvieron. A eso se reduce el descontento &#8220;ciudadano&#8221;. No hay m\u00e1s: es la lucha por el poder y ya.<\/p>\n\n\n\n<p>Y s\u00ed: tambi\u00e9n hay gente que odia a L\u00f3pez Obrador porque sencillamente no lo traga, lo repudia, lo vomita. Es triste, porque finalmente si dicen defender la democracia, lo que realmente est\u00e1n odiando es esta misma, la que permiti\u00f3 democr\u00e1ticamente la llegada de AMLO a la Presidencia de la Rep\u00fablica, aunque renieguen con argumentos absurdos como el de &#8220;No es mi presidente\u201d.<\/p>\n\n\n\n<p>S\u00ed, hay gente que quiz\u00e1s est\u00e9 arrepentida de votar por L\u00f3pez Obrador, pero al final de cuentas el presidente tiene bien medida su base popular, que es bastante y muy por encima de intereses de grupos que ahora marchan por las calles, cuando antes aborrec\u00edan las protestas.<\/p>\n\n\n\n<p>Este m\u00fasculo servir\u00e1 bastante para acallar lo que medios y redes sociales magnifican como un descontento popular generalizado. Servir\u00e1 tambi\u00e9n para presumir m\u00fasculo y mostrar la fortaleza a la que la oposici\u00f3n tendr\u00e1 que enfrentar en 2024.<\/p>\n\n\n\n<p>Para eso, aunque todav\u00eda falta un rato, ya se est\u00e1 calentando el ambiente.<\/p>\n\n\n\n<p>As\u00ed las cosas del poder a la mexicana.<\/p>\n\n\n\n<p><strong>\u00daNICA NOTA PARA PEGAR EN EL REFRI, PORQUE LUTO\u2026<\/strong> En una \u00e9poca de muchos conflictos por los problemas en la casa familiar, poco antes de salirme de la misma, mi abuela paterna Do\u00f1a Mary (besito tronado, abue) se percat\u00f3 que andaba husmeando en sus discos de vinilo\u2026 Algo tienen esos c\u00edrculos negros, que desde la infancia me gustaba ponerlos en los tocadiscos y pasar horas oyendo rolas. Fue ella quien me obsequi\u00f3 el disco &#8220;Querido Pablo&#8221;, al enterarse de que su nieto andaba por esos a\u00f1os metido en eso de la guitarra y serenatas y trova y as\u00ed\u2026 Durante varios meses (antes de irme a la gaver definitivamente), ese disco se convirti\u00f3 en un reconfortante del alma, pues todas las noches lo escuchaba en un tornamesa viejito que ya andaba jubil\u00e1ndose; eso s\u00ed, bajito, para que no se enojara la jefa\u2026 Descanse en paz, Pablo Milan\u00e9s.<\/p>\n","protected":false},"excerpt":{"rendered":"<p>ColumnaSinNombre@pablojair Querido Pablo Milan\u00e9s. Lo que brilla con luz propia nadie lo puede apagar.Su brillo puede alcanzar la oscuridad de otras costas.&#8211;Canci\u00f3n Por La Unidad Latinoamericana. Empec\u00e9 a escribir esta columna y a la mitad de la redactada me enter\u00e9 que hab\u00eda fallecido Pablo Milan\u00e9s; uno de mis h\u00e9roes musicales de mi juventud ya cada [&hellip;]<\/p>\n","protected":false},"author":1,"featured_media":488,"comment_status":"open","ping_status":"open","sticky":false,"template":"","format":"standard","meta":{"_jetpack_memberships_contains_paid_content":false,"footnotes":""},"categories":[11],"tags":[],"class_list":["post-33728","post","type-post","status-publish","format-standard","has-post-thumbnail","hentry","category-opinion"],"jetpack_featured_media_url":"https:\/\/encuentroinformativo.com.mx\/wp-content\/uploads\/2020\/03\/F471F608-BA1A-416B-BA7B-BCFB24F4E6D0.jpeg","jetpack_sharing_enabled":true,"jetpack_likes_enabled":true,"amp_enabled":true,"_links":{"self":[{"href":"https:\/\/encuentroinformativo.com.mx\/index.php?rest_route=\/wp\/v2\/posts\/33728","targetHints":{"allow":["GET"]}}],"collection":[{"href":"https:\/\/encuentroinformativo.com.mx\/index.php?rest_route=\/wp\/v2\/posts"}],"about":[{"href":"https:\/\/encuentroinformativo.com.mx\/index.php?rest_route=\/wp\/v2\/types\/post"}],"author":[{"embeddable":true,"href":"https:\/\/encuentroinformativo.com.mx\/index.php?rest_route=\/wp\/v2\/users\/1"}],"replies":[{"embeddable":true,"href":"https:\/\/encuentroinformativo.com.mx\/index.php?rest_route=%2Fwp%2Fv2%2Fcomments&post=33728"}],"version-history":[{"count":1,"href":"https:\/\/encuentroinformativo.com.mx\/index.php?rest_route=\/wp\/v2\/posts\/33728\/revisions"}],"predecessor-version":[{"id":33729,"href":"https:\/\/encuentroinformativo.com.mx\/index.php?rest_route=\/wp\/v2\/posts\/33728\/revisions\/33729"}],"wp:featuredmedia":[{"embeddable":true,"href":"https:\/\/encuentroinformativo.com.mx\/index.php?rest_route=\/wp\/v2\/media\/488"}],"wp:attachment":[{"href":"https:\/\/encuentroinformativo.com.mx\/index.php?rest_route=%2Fwp%2Fv2%2Fmedia&parent=33728"}],"wp:term":[{"taxonomy":"category","embeddable":true,"href":"https:\/\/encuentroinformativo.com.mx\/index.php?rest_route=%2Fwp%2Fv2%2Fcategories&post=33728"},{"taxonomy":"post_tag","embeddable":true,"href":"https:\/\/encuentroinformativo.com.mx\/index.php?rest_route=%2Fwp%2Fv2%2Ftags&post=33728"}],"curies":[{"name":"wp","href":"https:\/\/api.w.org\/{rel}","templated":true}]}}