{"id":33737,"date":"2022-11-22T13:35:49","date_gmt":"2022-11-22T19:35:49","guid":{"rendered":"https:\/\/encuentroinformativo.com.mx\/?p=33737"},"modified":"2022-11-22T13:35:55","modified_gmt":"2022-11-22T19:35:55","slug":"retrasan-comparecencia-por-partido-de-futbol","status":"publish","type":"post","link":"https:\/\/encuentroinformativo.com.mx\/?p=33737","title":{"rendered":"Retrasan comparecencia por partido de F\u00fatbol"},"content":{"rendered":"\n<p><strong>Dar\u00edo Pale<\/strong><\/p>\n\n\n\n<p>Xalapa, Ver.- La comparecencia del titular de la Secretar\u00eda de Seguridad P\u00fablica el Capit\u00e1n Cuauht\u00e9moc Zu\u00f1iga Bonilla se retras\u00f3 una hora ya que se prefirieron ver el partido de la selecci\u00f3n mexicana que comparecer ante el Congreso del Estado.<\/p>\n\n\n\n<p>Acompa\u00f1ado de sus subordinados y del presidente de la Junta de Coordinaci\u00f3n Pol\u00edtica del Congreso del Estado (JUCOPO), Juan Javier G\u00f3mez Cazar\u00edn se dispusieron a ver el partido de M\u00e9xico contra Polonia en la explanada del Congreso del Estado donde colocaron una pantalla.<\/p>\n\n\n\n<p>Pese a que el gobernador del estado Cuitl\u00e1huac Garc\u00eda Jim\u00e9nez el d\u00eda de ayer reiter\u00f3 que no colocar\u00edan pantallas en dependencias p\u00fablicas estatales y escuelas para ver el partido de la selecci\u00f3n los diputados hicieron caso omiso y sin importar las \u00f3rdenes del mandatario colocaron una pantalla retrasando la comparecencia una hora.<\/p>\n\n\n\n<p>Esperan ver qu\u00e9 sucede con las pr\u00f3ximas comparecencias donde coincidan con los partidos de la selecci\u00f3n y ver si colocan de nuevo la pantalla en la explanada del Congreso a pesar de que sea d\u00eda laboral.<\/p>\n","protected":false},"excerpt":{"rendered":"<p>Dar\u00edo Pale Xalapa, Ver.- La comparecencia del titular de la Secretar\u00eda de Seguridad P\u00fablica el Capit\u00e1n Cuauht\u00e9moc Zu\u00f1iga Bonilla se retras\u00f3 una hora ya que se prefirieron ver el partido de la selecci\u00f3n mexicana que comparecer ante el Congreso del Estado. Acompa\u00f1ado de sus subordinados y del presidente de la Junta de Coordinaci\u00f3n Pol\u00edtica del [&hellip;]<\/p>\n","protected":false},"author":1,"featured_media":33738,"comment_status":"open","ping_status":"open","sticky":false,"template":"","format":"standard","meta":{"_jetpack_memberships_contains_paid_content":false,"footnotes":""},"categories":[2],"tags":[],"class_list":["post-33737","post","type-post","status-publish","format-standard","has-post-thumbnail","hentry","category-estado"],"jetpack_featured_media_url":"https:\/\/encuentroinformativo.com.mx\/wp-content\/uploads\/2022\/11\/442C0536-B787-4E0A-A3CB-D603C423F047.jpeg","jetpack_sharing_enabled":true,"jetpack_likes_enabled":true,"amp_enabled":true,"_links":{"self":[{"href":"https:\/\/encuentroinformativo.com.mx\/index.php?rest_route=\/wp\/v2\/posts\/33737","targetHints":{"allow":["GET"]}}],"collection":[{"href":"https:\/\/encuentroinformativo.com.mx\/index.php?rest_route=\/wp\/v2\/posts"}],"about":[{"href":"https:\/\/encuentroinformativo.com.mx\/index.php?rest_route=\/wp\/v2\/types\/post"}],"author":[{"embeddable":true,"href":"https:\/\/encuentroinformativo.com.mx\/index.php?rest_route=\/wp\/v2\/users\/1"}],"replies":[{"embeddable":true,"href":"https:\/\/encuentroinformativo.com.mx\/index.php?rest_route=%2Fwp%2Fv2%2Fcomments&post=33737"}],"version-history":[{"count":1,"href":"https:\/\/encuentroinformativo.com.mx\/index.php?rest_route=\/wp\/v2\/posts\/33737\/revisions"}],"predecessor-version":[{"id":33739,"href":"https:\/\/encuentroinformativo.com.mx\/index.php?rest_route=\/wp\/v2\/posts\/33737\/revisions\/33739"}],"wp:featuredmedia":[{"embeddable":true,"href":"https:\/\/encuentroinformativo.com.mx\/index.php?rest_route=\/wp\/v2\/media\/33738"}],"wp:attachment":[{"href":"https:\/\/encuentroinformativo.com.mx\/index.php?rest_route=%2Fwp%2Fv2%2Fmedia&parent=33737"}],"wp:term":[{"taxonomy":"category","embeddable":true,"href":"https:\/\/encuentroinformativo.com.mx\/index.php?rest_route=%2Fwp%2Fv2%2Fcategories&post=33737"},{"taxonomy":"post_tag","embeddable":true,"href":"https:\/\/encuentroinformativo.com.mx\/index.php?rest_route=%2Fwp%2Fv2%2Ftags&post=33737"}],"curies":[{"name":"wp","href":"https:\/\/api.w.org\/{rel}","templated":true}]}}