{"id":33740,"date":"2022-11-22T13:40:45","date_gmt":"2022-11-22T19:40:45","guid":{"rendered":"https:\/\/encuentroinformativo.com.mx\/?p=33740"},"modified":"2022-11-22T13:40:50","modified_gmt":"2022-11-22T19:40:50","slug":"trabajos-en-bulevar-de-coatepec-tardarian-un-mes-alcalde","status":"publish","type":"post","link":"https:\/\/encuentroinformativo.com.mx\/?p=33740","title":{"rendered":"Trabajos en bulevar de Coatepec tardar\u00edan un mes: Alcalde"},"content":{"rendered":"\n<p><strong>Juan Arcos<\/strong><\/p>\n\n\n\n<p>Coatepec, Ver.- La obra para la reparaci\u00f3n total del bulevar Xalapa-Coatepec iniciar\u00eda antes de culminar el a\u00f1o y tardar\u00eda solo un mes.<\/p>\n\n\n\n<p>As\u00ed lo revel\u00f3 el alcalde de Coatepec, Raymundo Andrade Rivera, quien a\u00f1adi\u00f3 que se trata de una obra importante en la regi\u00f3n capital de Veracruz.<\/p>\n\n\n\n<p>Todo el bulevar de ocho kil\u00f3metros ser\u00e1 intervenido para garantizar la seguridad de los usuarios.<\/p>\n\n\n\n<p>Sin embargo, el edil del Pueblo M\u00e1gico dijo desconocer el monto que ser\u00eda destinado para estos trabajos y la fecha de inicio de la obra.<\/p>\n\n\n\n<p>Tampoco supo responder si los trabajos estar\u00e1n a cargo de la Secretar\u00eda de Infraestructura y Obras P\u00fablicas (SIOP) u otra dependencia estatal.<\/p>\n\n\n\n<p>\u201cEso es lo que ellos tendr\u00e1n que aclarar, tenemos que ser cuidadosos de dar esa informaci\u00f3n, posiblemente inicie este a\u00f1o, se va a reparar un carril primero, se va a hacer un raspado, se va a poner un sellador y luego asfalto, una capa de entre cinco y siete cent\u00edmetros\u201d, expres\u00f3.<\/p>\n\n\n\n<p>Adem\u00e1s, neg\u00f3 que se haya contemplado solicitar que aumenten las sanciones a quienes conducen a exceso de velocidad sobre dicha v\u00eda de comunicaci\u00f3n.<\/p>\n\n\n\n<p>Cabe recordar que el secretario de Gobierno, Eric Cisneros Burgos, reci\u00e9n anunci\u00f3 que la carretera ser\u00e1 cubierta con asfalto para evitar que los veh\u00edculos derrapen cuando llueve.<\/p>\n\n\n\n<p>Esta ma\u00f1ana se registr\u00f3 una volcadura a la altura de Los Arenales, lo que colaps\u00f3 la vialidad durante varias horas en la zona.<\/p>\n","protected":false},"excerpt":{"rendered":"<p>Juan Arcos Coatepec, Ver.- La obra para la reparaci\u00f3n total del bulevar Xalapa-Coatepec iniciar\u00eda antes de culminar el a\u00f1o y tardar\u00eda solo un mes. As\u00ed lo revel\u00f3 el alcalde de Coatepec, Raymundo Andrade Rivera, quien a\u00f1adi\u00f3 que se trata de una obra importante en la regi\u00f3n capital de Veracruz. Todo el bulevar de ocho kil\u00f3metros [&hellip;]<\/p>\n","protected":false},"author":1,"featured_media":33741,"comment_status":"open","ping_status":"open","sticky":false,"template":"","format":"standard","meta":{"_jetpack_memberships_contains_paid_content":false,"footnotes":""},"categories":[8],"tags":[],"class_list":["post-33740","post","type-post","status-publish","format-standard","has-post-thumbnail","hentry","category-region"],"jetpack_featured_media_url":"https:\/\/encuentroinformativo.com.mx\/wp-content\/uploads\/2022\/11\/B4D60AEC-2D4B-498A-995B-C267F204C3CE.jpeg","jetpack_sharing_enabled":true,"jetpack_likes_enabled":true,"amp_enabled":true,"_links":{"self":[{"href":"https:\/\/encuentroinformativo.com.mx\/index.php?rest_route=\/wp\/v2\/posts\/33740","targetHints":{"allow":["GET"]}}],"collection":[{"href":"https:\/\/encuentroinformativo.com.mx\/index.php?rest_route=\/wp\/v2\/posts"}],"about":[{"href":"https:\/\/encuentroinformativo.com.mx\/index.php?rest_route=\/wp\/v2\/types\/post"}],"author":[{"embeddable":true,"href":"https:\/\/encuentroinformativo.com.mx\/index.php?rest_route=\/wp\/v2\/users\/1"}],"replies":[{"embeddable":true,"href":"https:\/\/encuentroinformativo.com.mx\/index.php?rest_route=%2Fwp%2Fv2%2Fcomments&post=33740"}],"version-history":[{"count":1,"href":"https:\/\/encuentroinformativo.com.mx\/index.php?rest_route=\/wp\/v2\/posts\/33740\/revisions"}],"predecessor-version":[{"id":33742,"href":"https:\/\/encuentroinformativo.com.mx\/index.php?rest_route=\/wp\/v2\/posts\/33740\/revisions\/33742"}],"wp:featuredmedia":[{"embeddable":true,"href":"https:\/\/encuentroinformativo.com.mx\/index.php?rest_route=\/wp\/v2\/media\/33741"}],"wp:attachment":[{"href":"https:\/\/encuentroinformativo.com.mx\/index.php?rest_route=%2Fwp%2Fv2%2Fmedia&parent=33740"}],"wp:term":[{"taxonomy":"category","embeddable":true,"href":"https:\/\/encuentroinformativo.com.mx\/index.php?rest_route=%2Fwp%2Fv2%2Fcategories&post=33740"},{"taxonomy":"post_tag","embeddable":true,"href":"https:\/\/encuentroinformativo.com.mx\/index.php?rest_route=%2Fwp%2Fv2%2Ftags&post=33740"}],"curies":[{"name":"wp","href":"https:\/\/api.w.org\/{rel}","templated":true}]}}