{"id":33743,"date":"2022-11-22T13:47:37","date_gmt":"2022-11-22T19:47:37","guid":{"rendered":"https:\/\/encuentroinformativo.com.mx\/?p=33743"},"modified":"2022-11-22T13:47:41","modified_gmt":"2022-11-22T19:47:41","slug":"celebran-14-anos-organizaciones-contra-mineras-en-veracruz","status":"publish","type":"post","link":"https:\/\/encuentroinformativo.com.mx\/?p=33743","title":{"rendered":"Celebran 14 a\u00f1os organizaciones contra mineras en Veracruz"},"content":{"rendered":"\n<p><strong>Juan Arcos<\/strong><\/p>\n\n\n\n<p>Actopan, Ver.- La defensa del territorio por parte de pobladores y ambientalistas cumpli\u00f3 14 a\u00f1os en los municipios de Actopan y Alto Lucero ante los proyectos vigentes de miner\u00eda a cielo abierto.<\/p>\n\n\n\n<p>De acuerdo con Guillermo Rodr\u00edguez Curiel, integrante de La Asamblea Veracruzana de Iniciativas y Defensa Ambiental (Lavida), es positivo que se lograra la suspensi\u00f3n definitiva de cuatro de las 24 concesiones mineras concedidas por la Secretar\u00eda de Econom\u00eda en la zona costera central del estado de Veracruz para dicha actividad.<\/p>\n\n\n\n<p>\u201cSin duda es un gran triunfo para la resistencia ambiental, estamos cumpliendo 14 a\u00f1os de defender el territorio sagrado en esta regi\u00f3n de Actopan y Alto Lucero\u201d, expres\u00f3.<\/p>\n\n\n\n<p>El activista record\u00f3 que en la zona hay cerca de 500 especies vegetales y animales que han sido defendidas para las siguientes generaciones.<\/p>\n\n\n\n<p>\u201cEst\u00e1 demostrado que estos 8 mil millones de habitantes que la ONU ha festejado con bombo y platillo requieren por supuesto de esta extraordinaria vegetaci\u00f3n y bidiodiversidad que se encuentra en ese territorio veracruzano sagrado\u201d, a\u00f1adi\u00f3.<\/p>\n\n\n\n<p>Cabe recordar que el pasado 22 de septiembre un juez federal emiti\u00f3 dicha resoluci\u00f3n tras el amparo interpuesto el\u00a025 de agosto\u00a0por habitantes de dichas comunidades al considerar seriamente vulnerados sus derechos humanos a la vida digna, a un medio ambiente sano, al acceso al agua y a la participaci\u00f3n en la toma de decisiones por la existencia de las concesiones mineras.<\/p>\n\n\n\n<p>\u201cCelebramos que los jueces hayan entendido claramente que hay que dejarle a las pr\u00f3ximas generaciones esta herencia biocultural\u201d, a\u00f1adi\u00f3 Rodr\u00edguez Curiel.<\/p>\n\n\n\n<p>El Centro Mexicano de Derecho Ambiental (CEMDA) considera que las actividades mineras en esta regi\u00f3n representan graves afectaciones que ponen en riesgo el proyecto de vida de las comunidades, la cual est\u00e1 basada en el manejo de m\u00faltiples ecosistemas y en los beneficios ambientales que estos proporcionan.<\/p>\n","protected":false},"excerpt":{"rendered":"<p>Juan Arcos Actopan, Ver.- La defensa del territorio por parte de pobladores y ambientalistas cumpli\u00f3 14 a\u00f1os en los municipios de Actopan y Alto Lucero ante los proyectos vigentes de miner\u00eda a cielo abierto. De acuerdo con Guillermo Rodr\u00edguez Curiel, integrante de La Asamblea Veracruzana de Iniciativas y Defensa Ambiental (Lavida), es positivo que se [&hellip;]<\/p>\n","protected":false},"author":1,"featured_media":33744,"comment_status":"open","ping_status":"open","sticky":false,"template":"","format":"standard","meta":{"_jetpack_memberships_contains_paid_content":false,"footnotes":""},"categories":[8],"tags":[],"class_list":["post-33743","post","type-post","status-publish","format-standard","has-post-thumbnail","hentry","category-region"],"jetpack_featured_media_url":"https:\/\/encuentroinformativo.com.mx\/wp-content\/uploads\/2022\/11\/C89743E2-8895-459D-913D-9F7B7109F9D7.jpeg","jetpack_sharing_enabled":true,"jetpack_likes_enabled":true,"amp_enabled":true,"_links":{"self":[{"href":"https:\/\/encuentroinformativo.com.mx\/index.php?rest_route=\/wp\/v2\/posts\/33743","targetHints":{"allow":["GET"]}}],"collection":[{"href":"https:\/\/encuentroinformativo.com.mx\/index.php?rest_route=\/wp\/v2\/posts"}],"about":[{"href":"https:\/\/encuentroinformativo.com.mx\/index.php?rest_route=\/wp\/v2\/types\/post"}],"author":[{"embeddable":true,"href":"https:\/\/encuentroinformativo.com.mx\/index.php?rest_route=\/wp\/v2\/users\/1"}],"replies":[{"embeddable":true,"href":"https:\/\/encuentroinformativo.com.mx\/index.php?rest_route=%2Fwp%2Fv2%2Fcomments&post=33743"}],"version-history":[{"count":1,"href":"https:\/\/encuentroinformativo.com.mx\/index.php?rest_route=\/wp\/v2\/posts\/33743\/revisions"}],"predecessor-version":[{"id":33745,"href":"https:\/\/encuentroinformativo.com.mx\/index.php?rest_route=\/wp\/v2\/posts\/33743\/revisions\/33745"}],"wp:featuredmedia":[{"embeddable":true,"href":"https:\/\/encuentroinformativo.com.mx\/index.php?rest_route=\/wp\/v2\/media\/33744"}],"wp:attachment":[{"href":"https:\/\/encuentroinformativo.com.mx\/index.php?rest_route=%2Fwp%2Fv2%2Fmedia&parent=33743"}],"wp:term":[{"taxonomy":"category","embeddable":true,"href":"https:\/\/encuentroinformativo.com.mx\/index.php?rest_route=%2Fwp%2Fv2%2Fcategories&post=33743"},{"taxonomy":"post_tag","embeddable":true,"href":"https:\/\/encuentroinformativo.com.mx\/index.php?rest_route=%2Fwp%2Fv2%2Ftags&post=33743"}],"curies":[{"name":"wp","href":"https:\/\/api.w.org\/{rel}","templated":true}]}}