{"id":33756,"date":"2022-11-22T23:26:03","date_gmt":"2022-11-23T05:26:03","guid":{"rendered":"https:\/\/encuentroinformativo.com.mx\/?p=33756"},"modified":"2022-11-22T23:29:52","modified_gmt":"2022-11-23T05:29:52","slug":"boca-del-rio-supera-las-expectativas-durante-el-buen-fin-alcalde-jm-unanue","status":"publish","type":"post","link":"https:\/\/encuentroinformativo.com.mx\/?p=33756","title":{"rendered":"Boca del R\u00edo supera las expectativas durante el Buen Fin: Alcalde JM Un\u00e1nue"},"content":{"rendered":"\n<p><strong>*<em>Que se llev\u00f3 a cabo del 18 al 21 de noviembre<\/em>.<\/strong><\/p>\n\n\n\n<p>Boca del R\u00edo, Ver.- La reactivaci\u00f3n econ\u00f3mica en el municipio de Boca del R\u00edo avanza a paso firme, as\u00ed lo destac\u00f3 el Alcalde Juan Manuel Un\u00e1nue Abascal luego de la reciente edici\u00f3n del Buen Fin 2022.<\/p>\n\n\n\n<p>\u201cTuvimos restaurantes llenos, plazas comerciales llenas, de igual forma hoteles, un incremento importante en las ventas de las tiendas departamentales, se superaron las expectativas en este Buen Fin\u201d, expres\u00f3.<\/p>\n\n\n\n<p>Dijo que su gobierno ha respaldado a todos los sectores econ\u00f3micos de la ciudad, favoreciendo la estabilidad, as\u00ed como la creaci\u00f3n de nuevas empresas que generan m\u00e1s empleos en Boca del R\u00edo.<\/p>\n\n\n\n<p>Cabe destacar, que previo al inicio del Buen Fin, el gobierno municipal se coordin\u00f3 con los tres \u00e1mbitos de gobierno, para que todos los boque\u00f1os y ciudadanos de la zona conurbada, realizar\u00e1n sus compras, as\u00ed como servicios con plena seguridad del 18 al 21 de noviembre.<\/p>\n\n\n\n<p>El edil agreg\u00f3 que de acuerdo a la Direcci\u00f3n de Turismo y conforme a cifras de la Asociaci\u00f3n de Hoteles y Moteles de Veracruz y Boca del R\u00edo, se tuvo una ocupaci\u00f3n de un 90 por ciento, considerando el puente vacacional por la fecha del 20 de noviembre.<\/p>\n\n\n\n<p>Por otra parte, en cuanto a la derrama econ\u00f3mica, la Direcci\u00f3n de Comercio con cifras de la CANACO Servytur de Veracruz, la zona conurbada present\u00f3 una derrama aproximada de mil 200 millones de pesos, rebasando la cifra del 2021.<\/p>\n\n\n\n<p>Subrayando, que este 2022, las ventas que se realizaron en comercios establecidos se incrementaron un 20 por ciento con relaci\u00f3n al a\u00f1o pasado, destac\u00e1ndose la comercializaci\u00f3n de aparatos electr\u00f3nicos, electrodom\u00e9sticos, blancos, abarrotes y ropa.<\/p>\n\n\n\n<p>Finalmente, Juan Manuel Un\u00e1nue Abascal, enfatiz\u00f3 que su gobierno trabaja con fuerza, para generar mejores condiciones econ\u00f3micas para los habitantes del municipio, as\u00ed como un ambiente competitivo para la iniciativa privada.<\/p>\n","protected":false},"excerpt":{"rendered":"<p>*Que se llev\u00f3 a cabo del 18 al 21 de noviembre. Boca del R\u00edo, Ver.- La reactivaci\u00f3n econ\u00f3mica en el municipio de Boca del R\u00edo avanza a paso firme, as\u00ed lo destac\u00f3 el Alcalde Juan Manuel Un\u00e1nue Abascal luego de la reciente edici\u00f3n del Buen Fin 2022. \u201cTuvimos restaurantes llenos, plazas comerciales llenas, de igual [&hellip;]<\/p>\n","protected":false},"author":1,"featured_media":33759,"comment_status":"open","ping_status":"open","sticky":false,"template":"","format":"standard","meta":{"_jetpack_memberships_contains_paid_content":false,"footnotes":""},"categories":[2],"tags":[],"class_list":["post-33756","post","type-post","status-publish","format-standard","has-post-thumbnail","hentry","category-estado"],"jetpack_featured_media_url":"https:\/\/encuentroinformativo.com.mx\/wp-content\/uploads\/2022\/11\/8EA757D2-D9C3-42A8-9385-DDC5AA5B291C.jpeg","jetpack_sharing_enabled":true,"jetpack_likes_enabled":true,"amp_enabled":true,"_links":{"self":[{"href":"https:\/\/encuentroinformativo.com.mx\/index.php?rest_route=\/wp\/v2\/posts\/33756","targetHints":{"allow":["GET"]}}],"collection":[{"href":"https:\/\/encuentroinformativo.com.mx\/index.php?rest_route=\/wp\/v2\/posts"}],"about":[{"href":"https:\/\/encuentroinformativo.com.mx\/index.php?rest_route=\/wp\/v2\/types\/post"}],"author":[{"embeddable":true,"href":"https:\/\/encuentroinformativo.com.mx\/index.php?rest_route=\/wp\/v2\/users\/1"}],"replies":[{"embeddable":true,"href":"https:\/\/encuentroinformativo.com.mx\/index.php?rest_route=%2Fwp%2Fv2%2Fcomments&post=33756"}],"version-history":[{"count":1,"href":"https:\/\/encuentroinformativo.com.mx\/index.php?rest_route=\/wp\/v2\/posts\/33756\/revisions"}],"predecessor-version":[{"id":33758,"href":"https:\/\/encuentroinformativo.com.mx\/index.php?rest_route=\/wp\/v2\/posts\/33756\/revisions\/33758"}],"wp:featuredmedia":[{"embeddable":true,"href":"https:\/\/encuentroinformativo.com.mx\/index.php?rest_route=\/wp\/v2\/media\/33759"}],"wp:attachment":[{"href":"https:\/\/encuentroinformativo.com.mx\/index.php?rest_route=%2Fwp%2Fv2%2Fmedia&parent=33756"}],"wp:term":[{"taxonomy":"category","embeddable":true,"href":"https:\/\/encuentroinformativo.com.mx\/index.php?rest_route=%2Fwp%2Fv2%2Fcategories&post=33756"},{"taxonomy":"post_tag","embeddable":true,"href":"https:\/\/encuentroinformativo.com.mx\/index.php?rest_route=%2Fwp%2Fv2%2Ftags&post=33756"}],"curies":[{"name":"wp","href":"https:\/\/api.w.org\/{rel}","templated":true}]}}