{"id":33768,"date":"2022-11-23T13:08:44","date_gmt":"2022-11-23T19:08:44","guid":{"rendered":"https:\/\/encuentroinformativo.com.mx\/?p=33768"},"modified":"2022-11-23T13:08:47","modified_gmt":"2022-11-23T19:08:47","slug":"reclaman-auditoria-a-finanzas-de-la-upav","status":"publish","type":"post","link":"https:\/\/encuentroinformativo.com.mx\/?p=33768","title":{"rendered":"Reclaman auditor\u00eda a finanzas de la UPAV"},"content":{"rendered":"\n<p><strong>Dar\u00edo Pale <\/strong><\/p>\n\n\n\n<p>Xalapa, Ver.- Solicitar\u00e1n a la Fiscal\u00eda Anticorrupci\u00f3n una auditor\u00eda a las finanzas de la Universidad Popular Aut\u00f3noma de Veracruz (UPAV), ya que los ingresos propios son administrados por una outsourcing, as\u00ed lo inform\u00f3 Lenin Torres Antonio, presidente del Consejo Consultivo de la AAADUPAV.<\/p>\n\n\n\n<p>En conferencia de prensa se\u00f1alaron que la UPAV contin\u00faa en la opacidad e ilegalidad, pues los ingresos propios son administrados por una outsourcing (GPH Desarrollo Empresarial S.A. de C.V.) que no rinde cuentas a nadie, por lo que se solicitar\u00e1 a la Fiscal\u00eda Anticorrupci\u00f3n de M\u00e9xico que abra una carpeta de investigaci\u00f3n y haga una auditor\u00eda.<\/p>\n\n\n\n<p>Por lo que denunci\u00f3 la incongruencia de la Ley 276 al nombrar a la UPAV aut\u00f3noma, &#8220;cuando en la realidad es un organismo descentralizado de la administraci\u00f3n p\u00fablica del estado sujeta a los interese pol\u00edticos y partidista&#8221;.<\/p>\n\n\n\n<p>Asimismo, acus\u00f3 la falta de transparencia en los ingresos que entran a la UPAV por pago de aportaciones y convenios de certificaci\u00f3n con m\u00e1s de 180 instituciones educativas privadas incorporadas a la UPAV, instituciones privadas educativas situadas en 22 estados de la rep\u00fablica mexicana.<\/p>\n\n\n\n<p>De manera que interpondr\u00e1n una denuncia ante la Corte Internacional de Derechos Humanos por el atentado a la educaci\u00f3n que vive Veracruz.<\/p>\n\n\n\n<p>Lenin Torres expuso que la UPAV ha estado sometida al poder pol\u00edtico del gobernante en turno, as\u00ed que a la muerte de su fundador, Guillermo Zu\u00f1iga Mart\u00ednez, &#8220;la UPAV ha experimentado un proceso de degeneraci\u00f3n y un claro descenso estrepitosa de su matr\u00edcula, que actualmente cuenta con s\u00f3lo 16,436 alumnos, estad\u00edsticas que arroja el prontuario de la SEV, que pueden consultarse con la liga:\u00a0<a rel=\"noreferrer noopener\" href=\"http:\/\/sev.gob.mx\/upece\/evaluacion\/wpcontent\/uploads\/sites\/3\/2021\/08\/Prontuario-inicio-de-curso-2020-2021\" target=\"_blank\">http:\/\/sev.gob.mx\/upece\/evaluacion\/wpcontent\/uploads\/sites\/3\/2021\/08\/Prontuario-inicio-de-curso-2020-2021<\/a>.pdf.<\/p>\n\n\n\n<p>&#8220;El mantener a la UPAV como un ap\u00e9ndice del gobierno estatal trajo como consecuencia que los gobernantes, Javier Duarte de Ocho (PRI), Miguel Angel Yunes Linares (PAN), y ahora, Cuitl\u00e1huac Garc\u00eda Jim\u00e9nez (MORENA) privilegien el poder en lugar de dotar a la UPAV de autonom\u00eda para salvarla del poder pol\u00edtico y obedezca a inter\u00e9s estricto de ofrecer calidad educativa y excelencia acad\u00e9mica, y no a intereses partidistas y mucho menos sirva como caja chica para ocultar malversaci\u00f3n y corruptelas como hasta ahora ha servido&#8221;, se\u00f1al\u00f3.<\/p>\n\n\n\n<p>Por ello, dijo que conscientes de la necesidad de salvar a la UPAV del poder pol\u00edtico, le solicitaron al presidente de la Junta de Gobierno de la UPAV, el gobernador del estado Cuitl\u00e1huac Garc\u00eda Jim\u00e9nez, que abriera un proceso democr\u00e1tico y transparente para la elecci\u00f3n de un nuevo rector(a) de la UPAV.<\/p>\n\n\n\n<p>&#8220;Y a cambio, el pasado lunes 14 de noviembre de 2022 ratific\u00f3, pese al estado de decadencia y decrecimiento que vive la UPAV, al actual rector, siendo incoherente a la nueva cultura democr\u00e1tica que necesita M\u00e9xico y Veracruz&#8221;, coment\u00f3.<\/p>\n\n\n\n<p>De manera que detall\u00f3 que su hoja de ruta hacia la autonom\u00eda de la UPAV agot\u00f3 la instancia del Poder Ejecutivo, y ahora ir\u00e1n hacia el Poder Legislativo, con la propuesta de presentar su proyecto de reforma de la Ley 276 que crea la UPAV para lograr la autonom\u00eda y la reingenier\u00eda acad\u00e9mica, administrativa y financiera que necesita la UPAV.<\/p>\n\n\n\n<p>Finalmente se\u00f1al\u00f3 que, el proyecto de reforma lo dirigir\u00e1n a los representantes de los grupos parlamentarios del Congreso local de los diputados, MORENA, PAN, PRI y PRD, pregunt\u00e1ndoles qui\u00e9n toma la batuta de la democracia para salvar a la UPAV del poder pol\u00edtico partidista.<\/p>\n","protected":false},"excerpt":{"rendered":"<p>Dar\u00edo Pale Xalapa, Ver.- Solicitar\u00e1n a la Fiscal\u00eda Anticorrupci\u00f3n una auditor\u00eda a las finanzas de la Universidad Popular Aut\u00f3noma de Veracruz (UPAV), ya que los ingresos propios son administrados por una outsourcing, as\u00ed lo inform\u00f3 Lenin Torres Antonio, presidente del Consejo Consultivo de la AAADUPAV. En conferencia de prensa se\u00f1alaron que la UPAV contin\u00faa en [&hellip;]<\/p>\n","protected":false},"author":1,"featured_media":33769,"comment_status":"open","ping_status":"open","sticky":false,"template":"","format":"standard","meta":{"_jetpack_memberships_contains_paid_content":false,"footnotes":""},"categories":[3],"tags":[],"class_list":["post-33768","post","type-post","status-publish","format-standard","has-post-thumbnail","hentry","category-xalapa"],"jetpack_featured_media_url":"https:\/\/encuentroinformativo.com.mx\/wp-content\/uploads\/2022\/11\/C6BAAA59-3EE5-4DAD-819B-31376BF2441A.jpeg","jetpack_sharing_enabled":true,"jetpack_likes_enabled":true,"amp_enabled":true,"_links":{"self":[{"href":"https:\/\/encuentroinformativo.com.mx\/index.php?rest_route=\/wp\/v2\/posts\/33768","targetHints":{"allow":["GET"]}}],"collection":[{"href":"https:\/\/encuentroinformativo.com.mx\/index.php?rest_route=\/wp\/v2\/posts"}],"about":[{"href":"https:\/\/encuentroinformativo.com.mx\/index.php?rest_route=\/wp\/v2\/types\/post"}],"author":[{"embeddable":true,"href":"https:\/\/encuentroinformativo.com.mx\/index.php?rest_route=\/wp\/v2\/users\/1"}],"replies":[{"embeddable":true,"href":"https:\/\/encuentroinformativo.com.mx\/index.php?rest_route=%2Fwp%2Fv2%2Fcomments&post=33768"}],"version-history":[{"count":1,"href":"https:\/\/encuentroinformativo.com.mx\/index.php?rest_route=\/wp\/v2\/posts\/33768\/revisions"}],"predecessor-version":[{"id":33770,"href":"https:\/\/encuentroinformativo.com.mx\/index.php?rest_route=\/wp\/v2\/posts\/33768\/revisions\/33770"}],"wp:featuredmedia":[{"embeddable":true,"href":"https:\/\/encuentroinformativo.com.mx\/index.php?rest_route=\/wp\/v2\/media\/33769"}],"wp:attachment":[{"href":"https:\/\/encuentroinformativo.com.mx\/index.php?rest_route=%2Fwp%2Fv2%2Fmedia&parent=33768"}],"wp:term":[{"taxonomy":"category","embeddable":true,"href":"https:\/\/encuentroinformativo.com.mx\/index.php?rest_route=%2Fwp%2Fv2%2Fcategories&post=33768"},{"taxonomy":"post_tag","embeddable":true,"href":"https:\/\/encuentroinformativo.com.mx\/index.php?rest_route=%2Fwp%2Fv2%2Ftags&post=33768"}],"curies":[{"name":"wp","href":"https:\/\/api.w.org\/{rel}","templated":true}]}}