{"id":33771,"date":"2022-11-23T13:15:21","date_gmt":"2022-11-23T19:15:21","guid":{"rendered":"https:\/\/encuentroinformativo.com.mx\/?p=33771"},"modified":"2022-11-23T13:15:25","modified_gmt":"2022-11-23T19:15:25","slug":"convocan-a-marcha-contra-amlo","status":"publish","type":"post","link":"https:\/\/encuentroinformativo.com.mx\/?p=33771","title":{"rendered":"Convocan a marcha contra AMLO"},"content":{"rendered":"\n<p>Xalapa, Ver.- Nilda Ria\u00f1o Rodr\u00edguez integrante del Frente Nacional inform\u00f3 que realizar\u00e1n una marcha el pr\u00f3ximo 27 de noviembre en Ciudad de M\u00e9xico pidiendo la renuncia del presidente Andr\u00e9s Manuel L\u00f3pez Obrador.<\/p>\n\n\n\n<p>En conferencia de prensa se\u00f1al\u00f3 que con la \u201cMarcha por la Liberaci\u00f3n de M\u00e9xico\u201d, buscan que la ciudadan\u00eda se d\u00e9 cuenta de la mala gesti\u00f3n por parte del gobierno federal que ha afectado de manera negativa al pa\u00eds.\u00a0<\/p>\n","protected":false},"excerpt":{"rendered":"<p>Xalapa, Ver.- Nilda Ria\u00f1o Rodr\u00edguez integrante del Frente Nacional inform\u00f3 que realizar\u00e1n una marcha el pr\u00f3ximo 27 de noviembre en Ciudad de M\u00e9xico pidiendo la renuncia del presidente Andr\u00e9s Manuel L\u00f3pez Obrador. En conferencia de prensa se\u00f1al\u00f3 que con la \u201cMarcha por la Liberaci\u00f3n de M\u00e9xico\u201d, buscan que la ciudadan\u00eda se d\u00e9 cuenta de la [&hellip;]<\/p>\n","protected":false},"author":1,"featured_media":33772,"comment_status":"open","ping_status":"open","sticky":false,"template":"","format":"standard","meta":{"_jetpack_memberships_contains_paid_content":false,"footnotes":""},"categories":[3],"tags":[],"class_list":["post-33771","post","type-post","status-publish","format-standard","has-post-thumbnail","hentry","category-xalapa"],"jetpack_featured_media_url":"https:\/\/encuentroinformativo.com.mx\/wp-content\/uploads\/2022\/11\/B233E6AC-305A-4335-B820-F129BD9B9CC2.jpeg","jetpack_sharing_enabled":true,"jetpack_likes_enabled":true,"amp_enabled":true,"_links":{"self":[{"href":"https:\/\/encuentroinformativo.com.mx\/index.php?rest_route=\/wp\/v2\/posts\/33771","targetHints":{"allow":["GET"]}}],"collection":[{"href":"https:\/\/encuentroinformativo.com.mx\/index.php?rest_route=\/wp\/v2\/posts"}],"about":[{"href":"https:\/\/encuentroinformativo.com.mx\/index.php?rest_route=\/wp\/v2\/types\/post"}],"author":[{"embeddable":true,"href":"https:\/\/encuentroinformativo.com.mx\/index.php?rest_route=\/wp\/v2\/users\/1"}],"replies":[{"embeddable":true,"href":"https:\/\/encuentroinformativo.com.mx\/index.php?rest_route=%2Fwp%2Fv2%2Fcomments&post=33771"}],"version-history":[{"count":1,"href":"https:\/\/encuentroinformativo.com.mx\/index.php?rest_route=\/wp\/v2\/posts\/33771\/revisions"}],"predecessor-version":[{"id":33773,"href":"https:\/\/encuentroinformativo.com.mx\/index.php?rest_route=\/wp\/v2\/posts\/33771\/revisions\/33773"}],"wp:featuredmedia":[{"embeddable":true,"href":"https:\/\/encuentroinformativo.com.mx\/index.php?rest_route=\/wp\/v2\/media\/33772"}],"wp:attachment":[{"href":"https:\/\/encuentroinformativo.com.mx\/index.php?rest_route=%2Fwp%2Fv2%2Fmedia&parent=33771"}],"wp:term":[{"taxonomy":"category","embeddable":true,"href":"https:\/\/encuentroinformativo.com.mx\/index.php?rest_route=%2Fwp%2Fv2%2Fcategories&post=33771"},{"taxonomy":"post_tag","embeddable":true,"href":"https:\/\/encuentroinformativo.com.mx\/index.php?rest_route=%2Fwp%2Fv2%2Ftags&post=33771"}],"curies":[{"name":"wp","href":"https:\/\/api.w.org\/{rel}","templated":true}]}}