{"id":33774,"date":"2022-11-23T13:25:26","date_gmt":"2022-11-23T19:25:26","guid":{"rendered":"https:\/\/encuentroinformativo.com.mx\/?p=33774"},"modified":"2022-11-23T13:25:30","modified_gmt":"2022-11-23T19:25:30","slug":"anuncian-megamarcha-piden-reclasificar-tarifas-de-cfe","status":"publish","type":"post","link":"https:\/\/encuentroinformativo.com.mx\/?p=33774","title":{"rendered":"Anuncian megamarcha, piden reclasificar tarifas de CFE"},"content":{"rendered":"\n<p><strong>Juan Arcos <\/strong><\/p>\n\n\n\n<p>Xalapa, Ver.- Integrantes del movimiento de resistencia civil \u201cLa Leyenda de Chucho el Roto\u201d realizar\u00e1n una megamarcha, para exigir la reclasificaci\u00f3n de las tarifas de energ\u00eda el\u00e9ctrica.<\/p>\n\n\n\n<p>De acuerdo con el vocero de la organizaci\u00f3n, Jorge Morales Barradas, la movilizaci\u00f3n lleva el nombre de \u201cla marcha de la esperanza\u201d, misma que se efectuar\u00e1 la siguiente semana y est\u00e1 por definirse la fecha y el horario.<\/p>\n\n\n\n<p>\u201cEs la marcha de la esperanza, la esperanza para el estado de Veracruz, de que tenga un beneficio en el cobro y la reclasificaci\u00f3n de las tarifas. La marcha de la esperanza, as\u00ed la vamos a mencionar\u201d, expres\u00f3.<\/p>\n\n\n\n<p>Los quejosos iniciar\u00e1n el recorrido en Xalapa con direcci\u00f3n a la Ciudad de M\u00e9xico, en busca de una audiencia con el presidente de la Rep\u00fablica Mexicana, Andr\u00e9s Manuel L\u00f3pez Obrador.<\/p>\n\n\n\n<p>Se busca la participaci\u00f3n de todos los integrantes de dicha agrupaci\u00f3n, siendo m\u00e1s de 120 mil familias en la entidad veracruzana.<\/p>\n\n\n\n<p>\u201cLa marcha ser\u00e1 la pr\u00f3xima semana. Vamos desde el sur de Veracruz hasta la Ciudad de M\u00e9xico, ojal\u00e1 el presidente de la Rep\u00fablica nos reciba con nuestras peticiones. Vienen de la zona sur del estado y saldremos de Xalapa rumbo a la Ciudad de M\u00e9xico\u201d, enfatiz\u00f3 Morales Barradas.<\/p>\n\n\n\n<p>El tambi\u00e9n Secretario General de \u201cLa Leyenda de Chucho el Roto\u201d acus\u00f3 que funcionarios menores de CFE instruyeron amenazar y hostigar a los pobladores asentados en el per\u00edmetro de los 68 kil\u00f3metros a la redonda de la planta nuclear de Laguna Verde.<\/p>\n\n\n\n<p>\u201cEs gente de bajo nivel de Comisi\u00f3n Federal de Electricidad, que a lo mejor quieren otro cargo m\u00e1s arriba\u201d, enfatiz\u00f3 Jorge Morales.\u00a0<br>Por tal motivo, pidi\u00f3 al gerente general de la Divisi\u00f3n Oriente de CFE, Ferm\u00edn P\u00e9rez Vargas, que tome cartas en el asunto y sancione a quienes cometen dichas arbitrariedades.<\/p>\n\n\n\n<p>\u201cNo vaya a ser que al rato ellos mismos est\u00e9n provocando estas arbitrariedades para que la gente salga y se manifieste, y al rato ellos poder soportar y argumentar que la ciudadan\u00eda agrede a la gente de CFE y que pidan el resguardo de Marina, Sedena o SSP. Le dicen a las familias que las van a meter a la c\u00e1rcel\u201d, remat\u00f3.<\/p>\n","protected":false},"excerpt":{"rendered":"<p>Juan Arcos Xalapa, Ver.- Integrantes del movimiento de resistencia civil \u201cLa Leyenda de Chucho el Roto\u201d realizar\u00e1n una megamarcha, para exigir la reclasificaci\u00f3n de las tarifas de energ\u00eda el\u00e9ctrica. De acuerdo con el vocero de la organizaci\u00f3n, Jorge Morales Barradas, la movilizaci\u00f3n lleva el nombre de \u201cla marcha de la esperanza\u201d, misma que se efectuar\u00e1 [&hellip;]<\/p>\n","protected":false},"author":1,"featured_media":33775,"comment_status":"open","ping_status":"open","sticky":false,"template":"","format":"standard","meta":{"_jetpack_memberships_contains_paid_content":false,"footnotes":""},"categories":[2],"tags":[],"class_list":["post-33774","post","type-post","status-publish","format-standard","has-post-thumbnail","hentry","category-estado"],"jetpack_featured_media_url":"https:\/\/encuentroinformativo.com.mx\/wp-content\/uploads\/2022\/11\/88F176AB-F0F7-45CD-A9AB-DE9719EB4264.jpeg","jetpack_sharing_enabled":true,"jetpack_likes_enabled":true,"amp_enabled":true,"_links":{"self":[{"href":"https:\/\/encuentroinformativo.com.mx\/index.php?rest_route=\/wp\/v2\/posts\/33774","targetHints":{"allow":["GET"]}}],"collection":[{"href":"https:\/\/encuentroinformativo.com.mx\/index.php?rest_route=\/wp\/v2\/posts"}],"about":[{"href":"https:\/\/encuentroinformativo.com.mx\/index.php?rest_route=\/wp\/v2\/types\/post"}],"author":[{"embeddable":true,"href":"https:\/\/encuentroinformativo.com.mx\/index.php?rest_route=\/wp\/v2\/users\/1"}],"replies":[{"embeddable":true,"href":"https:\/\/encuentroinformativo.com.mx\/index.php?rest_route=%2Fwp%2Fv2%2Fcomments&post=33774"}],"version-history":[{"count":1,"href":"https:\/\/encuentroinformativo.com.mx\/index.php?rest_route=\/wp\/v2\/posts\/33774\/revisions"}],"predecessor-version":[{"id":33776,"href":"https:\/\/encuentroinformativo.com.mx\/index.php?rest_route=\/wp\/v2\/posts\/33774\/revisions\/33776"}],"wp:featuredmedia":[{"embeddable":true,"href":"https:\/\/encuentroinformativo.com.mx\/index.php?rest_route=\/wp\/v2\/media\/33775"}],"wp:attachment":[{"href":"https:\/\/encuentroinformativo.com.mx\/index.php?rest_route=%2Fwp%2Fv2%2Fmedia&parent=33774"}],"wp:term":[{"taxonomy":"category","embeddable":true,"href":"https:\/\/encuentroinformativo.com.mx\/index.php?rest_route=%2Fwp%2Fv2%2Fcategories&post=33774"},{"taxonomy":"post_tag","embeddable":true,"href":"https:\/\/encuentroinformativo.com.mx\/index.php?rest_route=%2Fwp%2Fv2%2Ftags&post=33774"}],"curies":[{"name":"wp","href":"https:\/\/api.w.org\/{rel}","templated":true}]}}