{"id":33778,"date":"2022-11-23T16:55:30","date_gmt":"2022-11-23T22:55:30","guid":{"rendered":"https:\/\/encuentroinformativo.com.mx\/?p=33778"},"modified":"2022-11-23T16:55:34","modified_gmt":"2022-11-23T22:55:34","slug":"sindicato-de-poder-judicial-espera-incremento-salarial-de-4-5","status":"publish","type":"post","link":"https:\/\/encuentroinformativo.com.mx\/?p=33778","title":{"rendered":"Sindicato de Poder Judicial espera incremento salarial de 4.5%"},"content":{"rendered":"\n<p><strong>Juan Arcos <\/strong><\/p>\n\n\n\n<p>Xalapa, Ver.- Un total de 900 trabajadores sindicalizados del Poder Judicial de Veracruz ser\u00e1n beneficiados con un incremento salarial y de prestaciones laborales del 4.5 por ciento.<\/p>\n\n\n\n<p>Se trata de los agremiados del Sindicato Estatal de Trabajadores al Servicio del Poder Judicial, que encabeza la secretaria general Mar\u00eda del Roc\u00edo Tinajero Osorio.<\/p>\n\n\n\n<p>En rueda de prensa, la dirigente sindical indic\u00f3 que hubo mejoras administrativas y econ\u00f3micas a favor de la base trabajadora.\u00a0<br>Record\u00f3 que el pasado 14 de noviembre fueron firmadas las nuevas condiciones generales de trabajo, suscritas con el Poder Judicial.<\/p>\n\n\n\n<p>\u201cNos regir\u00e1n a todo el personal sindicalizado que labora al servicio del poder judicial durante el bienio 2022-2023, a partir del primero de diciembre del a\u00f1o en curso, quedando depositadas ante el Tribunal de Conciliaci\u00f3n y Arbitraje, tal y como lo marca la ley, mismas que se hicieron llegar de manera digital a todos los integrantes de nuestra organizaci\u00f3n sindical, y que \u00e9stas se les entregar\u00e1n de manera f\u00edsica en su oportunidad como siempre se ha hecho\u201d, expres\u00f3.<\/p>\n\n\n\n<p>Tinajero Osorio mencion\u00f3 que, adem\u00e1s del incremento salarial y prestaciones, se logr\u00f3 aumentar la cantidad de d\u00edas econ\u00f3micos para los empleados.<\/p>\n\n\n\n<p>\u201cYa tenemos un d\u00eda m\u00e1s de los d\u00edas econ\u00f3micos, nos pagan nueve d\u00edas econ\u00f3micos y tenemos tres de disfrute que nuestros compa\u00f1eros pueden utilizar. Se les increment\u00f3 en el bono del d\u00eda de las madres, hubo incremento en cuanto a las becas, en cuanto al fomento deportivo, los d\u00edas de duelo de padres fallecidos ten\u00edamos tres d\u00edas y ahora son cinco, cuestiones as\u00ed se incrementaron\u201d, a\u00f1adi\u00f3.<\/p>\n\n\n\n<p>Coment\u00f3 que existe un trato cordial y respetuoso entre la entidad y la organizaci\u00f3n sindical, lo que ha permitido llegar a \u201cbuenos t\u00e9rminos\u201d tras la revisi\u00f3n de las condiciones generales de trabajo.<\/p>\n\n\n\n<p>\u201cSomos un sindicato institucional y siempre hemos tratado de apoyar a nuestra instituci\u00f3n\u201d, remat\u00f3 la Secretaria General del Sindicato Estatal de Trabajadores al Servicio del Poder Judicial.<\/p>\n","protected":false},"excerpt":{"rendered":"<p>Juan Arcos Xalapa, Ver.- Un total de 900 trabajadores sindicalizados del Poder Judicial de Veracruz ser\u00e1n beneficiados con un incremento salarial y de prestaciones laborales del 4.5 por ciento. Se trata de los agremiados del Sindicato Estatal de Trabajadores al Servicio del Poder Judicial, que encabeza la secretaria general Mar\u00eda del Roc\u00edo Tinajero Osorio. En [&hellip;]<\/p>\n","protected":false},"author":1,"featured_media":33779,"comment_status":"open","ping_status":"open","sticky":false,"template":"","format":"standard","meta":{"_jetpack_memberships_contains_paid_content":false,"footnotes":""},"categories":[2],"tags":[],"class_list":["post-33778","post","type-post","status-publish","format-standard","has-post-thumbnail","hentry","category-estado"],"jetpack_featured_media_url":"https:\/\/encuentroinformativo.com.mx\/wp-content\/uploads\/2022\/11\/E4101963-11E9-42CE-A2F0-FC25142C2676.jpeg","jetpack_sharing_enabled":true,"jetpack_likes_enabled":true,"amp_enabled":true,"_links":{"self":[{"href":"https:\/\/encuentroinformativo.com.mx\/index.php?rest_route=\/wp\/v2\/posts\/33778","targetHints":{"allow":["GET"]}}],"collection":[{"href":"https:\/\/encuentroinformativo.com.mx\/index.php?rest_route=\/wp\/v2\/posts"}],"about":[{"href":"https:\/\/encuentroinformativo.com.mx\/index.php?rest_route=\/wp\/v2\/types\/post"}],"author":[{"embeddable":true,"href":"https:\/\/encuentroinformativo.com.mx\/index.php?rest_route=\/wp\/v2\/users\/1"}],"replies":[{"embeddable":true,"href":"https:\/\/encuentroinformativo.com.mx\/index.php?rest_route=%2Fwp%2Fv2%2Fcomments&post=33778"}],"version-history":[{"count":1,"href":"https:\/\/encuentroinformativo.com.mx\/index.php?rest_route=\/wp\/v2\/posts\/33778\/revisions"}],"predecessor-version":[{"id":33780,"href":"https:\/\/encuentroinformativo.com.mx\/index.php?rest_route=\/wp\/v2\/posts\/33778\/revisions\/33780"}],"wp:featuredmedia":[{"embeddable":true,"href":"https:\/\/encuentroinformativo.com.mx\/index.php?rest_route=\/wp\/v2\/media\/33779"}],"wp:attachment":[{"href":"https:\/\/encuentroinformativo.com.mx\/index.php?rest_route=%2Fwp%2Fv2%2Fmedia&parent=33778"}],"wp:term":[{"taxonomy":"category","embeddable":true,"href":"https:\/\/encuentroinformativo.com.mx\/index.php?rest_route=%2Fwp%2Fv2%2Fcategories&post=33778"},{"taxonomy":"post_tag","embeddable":true,"href":"https:\/\/encuentroinformativo.com.mx\/index.php?rest_route=%2Fwp%2Fv2%2Ftags&post=33778"}],"curies":[{"name":"wp","href":"https:\/\/api.w.org\/{rel}","templated":true}]}}