{"id":33786,"date":"2022-11-23T19:28:24","date_gmt":"2022-11-24T01:28:24","guid":{"rendered":"https:\/\/encuentroinformativo.com.mx\/?p=33786"},"modified":"2022-11-23T19:28:28","modified_gmt":"2022-11-24T01:28:28","slug":"gobiernos-municipales-e-iniciativa-privada-sumamos-esfuerzoss-en-beneficio-del-medio-ambiente-alcalde-jm-unanue","status":"publish","type":"post","link":"https:\/\/encuentroinformativo.com.mx\/?p=33786","title":{"rendered":"Gobiernos municipales e iniciativa privada, sumamos esfuerzoss en beneficio del medio ambiente: Alcalde JM Un\u00e1nue"},"content":{"rendered":"\n<p><strong>*<em>Este mi\u00e9rcoles el mun\u00edcipe boque\u00f1o asisti\u00f3 a la inauguraci\u00f3n de la Primera Planta de Abasto Coca-Cola FEMSA y APLA, las cuales reafirmaron su compromiso con M\u00e9xico y la sostenibilidad<\/em>.<\/strong><\/p>\n\n\n\n<p>Boca del R\u00edo, Ver.- En Boca del R\u00edo buscamos el mejoramiento del medio ambiente, as\u00ed como el cumplimiento de nuestras responsabilidades en el presente y para futuras generaciones, enfatiz\u00f3 el Presidente Municipal, Juan Manuel Un\u00e1nue Abascal.<\/p>\n\n\n\n<p>Lo anterior, fue expresado en el marco de la inauguraci\u00f3n de la nueva Planta de Abasto en Veracruz que suministrar\u00e1 hasta 2 mil toneladas anuales de PET, misma que permitir\u00e1 reciclar botellas para hacer nuevas, reafirmando as\u00ed su compromiso con M\u00e9xico y la sostenibilidad.<\/p>\n\n\n\n<p>\u201cCon la llegada de este tipo de empresas, reduciremos significativamente el volumen de PET, adem\u00e1s de traer beneficios econ\u00f3micos a la zona conurbada\u201d, resalt\u00f3.<\/p>\n\n\n\n<p>Adem\u00e1s, el Ayuntamiento de Boca del R\u00edo, colaborar\u00e1 con la empresa Coca Cola-FEMSA, para realizar una campa\u00f1a entorno al mejoramiento del medio ambiente.<\/p>\n\n\n\n<p>El Ejecutivo Municipal, agradeci\u00f3 la invitaci\u00f3n a la inauguraci\u00f3n, destacando la presencia de Catherine Reuben; Directora de Asuntos Corporativos para Coca-Cola FEMSA M\u00e9xico, Beatriz Ray\u00f3n Dur\u00e1n; encargada de la Planta de Abasto Veracruz y Helmut Hoedl; representante de Planeta, adem\u00e1s de la representaci\u00f3n del gobierno municipal de Veracruz y del gobierno del estado.<\/p>\n\n\n\n<p>Sum\u00e1ndose al deseo de \u00e9xito entorno a esta iniciativa, el edil dijo seguir compartiendo la voluntad de todas las instituciones y empresas representadas, con la finalidad de continuar avanzando en la responsabilidad de cuidar y revertir los impactos al medio ambiente.<\/p>\n\n\n\n<p>Por \u00faltimo, reconoci\u00f3 y valor\u00f3 las acciones de acopio y reciclaje por parte de Coca-Cola FEMSA y ALPLA, logrando un \u201cMundo Sin Residuos\u201d, que se agregan a los trabajos que desde los municipios se logran, como por ejemplo en Boca del R\u00edo, lo mejor de Veracruz.<\/p>\n","protected":false},"excerpt":{"rendered":"<p>*Este mi\u00e9rcoles el mun\u00edcipe boque\u00f1o asisti\u00f3 a la inauguraci\u00f3n de la Primera Planta de Abasto Coca-Cola FEMSA y APLA, las cuales reafirmaron su compromiso con M\u00e9xico y la sostenibilidad. Boca del R\u00edo, Ver.- En Boca del R\u00edo buscamos el mejoramiento del medio ambiente, as\u00ed como el cumplimiento de nuestras responsabilidades en el presente y para [&hellip;]<\/p>\n","protected":false},"author":1,"featured_media":33787,"comment_status":"open","ping_status":"open","sticky":false,"template":"","format":"standard","meta":{"_jetpack_memberships_contains_paid_content":false,"footnotes":""},"categories":[2],"tags":[],"class_list":["post-33786","post","type-post","status-publish","format-standard","has-post-thumbnail","hentry","category-estado"],"jetpack_featured_media_url":"https:\/\/encuentroinformativo.com.mx\/wp-content\/uploads\/2022\/11\/9582101F-E58A-4FE6-B9DE-035C62DF8E6A.jpeg","jetpack_sharing_enabled":true,"jetpack_likes_enabled":true,"amp_enabled":true,"_links":{"self":[{"href":"https:\/\/encuentroinformativo.com.mx\/index.php?rest_route=\/wp\/v2\/posts\/33786","targetHints":{"allow":["GET"]}}],"collection":[{"href":"https:\/\/encuentroinformativo.com.mx\/index.php?rest_route=\/wp\/v2\/posts"}],"about":[{"href":"https:\/\/encuentroinformativo.com.mx\/index.php?rest_route=\/wp\/v2\/types\/post"}],"author":[{"embeddable":true,"href":"https:\/\/encuentroinformativo.com.mx\/index.php?rest_route=\/wp\/v2\/users\/1"}],"replies":[{"embeddable":true,"href":"https:\/\/encuentroinformativo.com.mx\/index.php?rest_route=%2Fwp%2Fv2%2Fcomments&post=33786"}],"version-history":[{"count":1,"href":"https:\/\/encuentroinformativo.com.mx\/index.php?rest_route=\/wp\/v2\/posts\/33786\/revisions"}],"predecessor-version":[{"id":33788,"href":"https:\/\/encuentroinformativo.com.mx\/index.php?rest_route=\/wp\/v2\/posts\/33786\/revisions\/33788"}],"wp:featuredmedia":[{"embeddable":true,"href":"https:\/\/encuentroinformativo.com.mx\/index.php?rest_route=\/wp\/v2\/media\/33787"}],"wp:attachment":[{"href":"https:\/\/encuentroinformativo.com.mx\/index.php?rest_route=%2Fwp%2Fv2%2Fmedia&parent=33786"}],"wp:term":[{"taxonomy":"category","embeddable":true,"href":"https:\/\/encuentroinformativo.com.mx\/index.php?rest_route=%2Fwp%2Fv2%2Fcategories&post=33786"},{"taxonomy":"post_tag","embeddable":true,"href":"https:\/\/encuentroinformativo.com.mx\/index.php?rest_route=%2Fwp%2Fv2%2Ftags&post=33786"}],"curies":[{"name":"wp","href":"https:\/\/api.w.org\/{rel}","templated":true}]}}