{"id":33789,"date":"2022-11-24T08:34:52","date_gmt":"2022-11-24T14:34:52","guid":{"rendered":"https:\/\/encuentroinformativo.com.mx\/?p=33789"},"modified":"2022-11-24T08:34:56","modified_gmt":"2022-11-24T14:34:56","slug":"que-siga-lopez-y-memo","status":"publish","type":"post","link":"https:\/\/encuentroinformativo.com.mx\/?p=33789","title":{"rendered":"\u00a1QUE SIGA L\u00d3PEZ Y MEMO!"},"content":{"rendered":"\n<p><strong>Los Pol\u00edticos<\/strong><br><br><strong>Salvador Mu\u00f1oz<\/strong><\/p>\n\n\n\n<p>\u00bfYa est\u00e1 listo para el s\u00e1bado? Los morenos tambi\u00e9n\u2026 pero todos los mexicanos en espera de que otro Moreno, \u00e9ste H\u00e9ctor, y no Yunes, deje de regar el tepache como lo hizo con los polacos\u2026<\/p>\n\n\n\n<p>* Por cierto, \u00bfc\u00f3mo jijos la pas\u00f3 Rafael Hern\u00e1ndez Villalpando cuando Robert Lewandowski fall\u00f3 el penal ante Memo Ochoa? \u00bfCelebr\u00f3 la atajada ante su esposa, la polaca?<\/p>\n\n\n\n<p>* No me crean, pero dicen que en Palacio Nacional, celebraron con todo esa parada, porque ten\u00eda rato que nom\u00e1s no\u2026 \u00a1hey! no sean mal pensados\u2026 Recuerden que Memo Ochoa ten\u00eda 19 penales seguidos acabados en gol; otro dato: de las 73 penas m\u00e1ximas que ha enfrentado bajo los tres palos, s\u00f3lo ha detenido 14\u2026 \u00a1saquen la estad\u00edstica!<\/p>\n\n\n\n<p>* Como sea, el s\u00e1bado va a estar candente en Veracruz\u2026 y m\u00e1s en Cardel, en el Deportivo de la Secci\u00f3n 19, con el \u201c\u00a1Que siga L\u00f3pez!\u201d donde han de formalizar las estructuras de este movimiento a favor de Ad\u00e1n Augusto L\u00f3pez Hern\u00e1ndez, con miras al 2024.<\/p>\n\n\n\n<p>* \u00a1No sean cabrones! \u00bfC\u00f3mo que Ad\u00e1n Augusto es el Tata Martino de la polaca? Es cierto, ambos se ven ya corridos por terracer\u00eda, pero el DT de Gobernaci\u00f3n tiene 59 a\u00f1os, y el Timonel del Tri, 60\u2026 Bueno, en cierto modo, s\u00ed podr\u00eda ser el Tata porque mientras el T\u00e9cnico nacional tiene al Chucky Lozano, el t\u00e9cnico de Bucareli tiene al Cheko Guti\u00e9rrez\u2026 quiz\u00e1s por eso\u2026<\/p>\n\n\n\n<p>* Ya que citamos al minatitleco, en la invitaci\u00f3n que hace a formar parte de \u201c\u00a1Que siga L\u00f3pez! \u00a1Estamos A gusto!\u201d, cita una palabra clave: Continuidad. Futbol\u00edsticamente hablando, podr\u00edamos citar esa continuidad en el arco con la selecci\u00f3n mexicana: 2014, en Brasil, Memo Ochoa; 2018, Rusia, Memo Ochoa; 2022, Qatar, Memo Ochoa\u2026 y conste, con buenos porteros atr\u00e1s\u2026 ahora, pol\u00edticamente hablando, si hablamos de Continuidad en la Cuarta Transformaci\u00f3n, est\u00e1 Marcelo Ebrard, Claudia Sheinbaum y Ad\u00e1n Augusto. \u00bfQui\u00e9n de estos tres le garantiza al \u201cTata Amlino\u201d que siga al pie de la letra el proyecto pol\u00edtico que \u00e9l inici\u00f3?<\/p>\n\n\n\n<p>* Detallitos: Los aficionados de Sheinbaum ya se dieron cuenta que a nivel raza, nos cuesta un chorro pronunciar el apellido jud\u00edo (Chamb\u00f3n, decimos)&#8230; por eso es que empezaron a poner nuevas pintas: Claudia.<\/p>\n\n\n\n<p>* Los aficionados de Ebrard igual se dieron cuenta que el apellido galo del canciller como que no va con la onda populista de la Cuarta Transformaci\u00f3n porque un apellido de origen extranjero como que pone al portador en un nivel muy fif\u00ed del chairo com\u00fan\u2026 por eso \u201cel Carnal Marcelo\u201d&#8230; un disparo con chanfle: se camuflajea el apellido y se le da un dejo de \u201cfamiliaridad\u201d.<\/p>\n\n\n\n<p>* Los aficionados de Ad\u00e1n Augusto no pudieron tener m\u00e1s tino que Robert Lewandowski ante Memo Ochoa; \u00a1vamos! fueron m\u00e1s precisos que los alemanes ante Shuichi Gonda, el cancerbero nip\u00f3n; y la Continuidad de la que habla en su invitaci\u00f3n el Cheko Lozano, digo, el Chucky Guti\u00e9rrez\u2026 bueno, el diputado minatitleco, no s\u00f3lo se da en la cercan\u00eda pol\u00edtica y familiar que tiene Ad\u00e1n con el Presidente, sino hasta en sus or\u00edgenes ed\u00e9nicos \u00a1y hasta en el apellido! Por eso, \u201c\u00a1Que siga L\u00f3pez!\u201d<\/p>\n\n\n\n<p>* En Cardel, ese mismo s\u00e1bado, en el mismo punto donde han de tomar protesta a los Comit\u00e9s Directivos Estatal, municipales y distritales de \u201c\u00a1Que siga L\u00f3pez!\u201d, a las 13 horas, todos los presentes pasar\u00e1n del \u201cguinda morena\u201d al \u201cverde mexicano\u201d para corear un nombre: \u201c\u00a1Mesi! \u00a1Mesi! \u00a1M\u00e9sicooo!\u201d, y al t\u00e9rmino del partido, salir a la Ciudad de M\u00e9xico.<\/p>\n\n\n\n<p>* Sin importar c\u00f3mo le vaya al Tri ese d\u00eda contra Argentina, algunos mexicanos ir\u00e1n a festejar al \u00c1ngel de la Independencia, pero ser\u00e1 para acompa\u00f1ar a L\u00f3pez Obrador a la marcha que convoc\u00f3\u2026 \u00bfImag\u00ednense si M\u00e9xico le gana a la albiceleste el s\u00e1bado? El domingo estar\u00e1n doblemente insoportables los morenos\u2026 s\u00ed, doble festejo.<\/p>\n\n\n\n<p>* No me crea, pero si Memo Ochoa vuelve a tener una actuaci\u00f3n como la que tuvo ante Polonia, no ha de tardar entonces la Iniciativa que pida El D\u00eda de Memo Ochoa y hasta la canonizaci\u00f3n de San Memo\u2026 Adem\u00e1s, hacer de Guadalajara, su lugar de nacimiento, Pueblo M\u00e1gico y si ya lo es, \u00a1su colonia! Y si hay \u201c\u00a1Que siga L\u00f3pez!\u201d en el 2024, \u00a1pues que siga Memo en el 2026!<\/p>\n\n\n\n<p>QUE SIGA L\u00d3PEZ Y MEMO!<\/p>\n\n\n\n<p>Salvador Mu\u00f1oz<\/p>\n\n\n\n<p>Los Pol\u00edticos<\/p>\n\n\n\n<p>\u00bfYa est\u00e1 listo para el s\u00e1bado? Los morenos tambi\u00e9n\u2026 pero todos los mexicanos en espera de que otro Moreno, \u00e9ste H\u00e9ctor, y no Yunes, deje de regar el tepache como lo hizo con los polacos\u2026<\/p>\n\n\n\n<p>* Por cierto, \u00bfc\u00f3mo jijos la pas\u00f3 Rafael Hern\u00e1ndez Villalpando cuando Robert Lewandowski fall\u00f3 el penal ante Memo Ochoa? \u00bfCelebr\u00f3 la atajada ante su esposa, la polaca?<\/p>\n\n\n\n<p>* No me crean, pero dicen que en Palacio Nacional, celebraron con todo esa parada, porque ten\u00eda rato que nom\u00e1s no\u2026 \u00a1hey! no sean mal pensados\u2026 Recuerden que Memo Ochoa ten\u00eda 19 penales seguidos acabados en gol; otro dato: de las 73 penas m\u00e1ximas que ha enfrentado bajo los tres palos, s\u00f3lo ha detenido 14\u2026 \u00a1saquen la estad\u00edstica!<\/p>\n\n\n\n<p>* Como sea, el s\u00e1bado va a estar candente en Veracruz\u2026 y m\u00e1s en Cardel, en el Deportivo de la Secci\u00f3n 19, con el \u201c\u00a1Que siga L\u00f3pez!\u201d donde han de formalizar las estructuras de este movimiento a favor de Ad\u00e1n Augusto L\u00f3pez Hern\u00e1ndez, con miras al 2024.<\/p>\n\n\n\n<p>* \u00a1No sean cabrones! \u00bfC\u00f3mo que Ad\u00e1n Augusto es el Tata Martino de la polaca? Es cierto, ambos se ven ya corridos por terracer\u00eda, pero el DT de Gobernaci\u00f3n tiene 59 a\u00f1os, y el Timonel del Tri, 60\u2026 Bueno, en cierto modo, s\u00ed podr\u00eda ser el Tata porque mientras el T\u00e9cnico nacional tiene al Chucky Lozano, el t\u00e9cnico de Bucareli tiene al Cheko Guti\u00e9rrez\u2026 quiz\u00e1s por eso\u2026<\/p>\n\n\n\n<p>* Ya que citamos al minatitleco, en la invitaci\u00f3n que hace a formar parte de \u201c\u00a1Que siga L\u00f3pez! \u00a1Estamos A gusto!\u201d, cita una palabra clave: Continuidad. Futbol\u00edsticamente hablando, podr\u00edamos citar esa continuidad en el arco con la selecci\u00f3n mexicana: 2014, en Brasil, Memo Ochoa; 2018, Rusia, Memo Ochoa; 2022, Qatar, Memo Ochoa\u2026 y conste, con buenos porteros atr\u00e1s\u2026 ahora, pol\u00edticamente hablando, si hablamos de Continuidad en la Cuarta Transformaci\u00f3n, est\u00e1 Marcelo Ebrard, Claudia Sheinbaum y Ad\u00e1n Augusto. \u00bfQui\u00e9n de estos tres le garantiza al \u201cTata Amlino\u201d que siga al pie de la letra el proyecto pol\u00edtico que \u00e9l inici\u00f3?<\/p>\n\n\n\n<p>* Detallitos: Los aficionados de Sheinbaum ya se dieron cuenta que a nivel raza, nos cuesta un chorro pronunciar el apellido jud\u00edo (Chamb\u00f3n, decimos)&#8230; por eso es que empezaron a poner nuevas pintas: Claudia.<\/p>\n\n\n\n<p>* Los aficionados de Ebrard igual se dieron cuenta que el apellido galo del canciller como que no va con la onda populista de la Cuarta Transformaci\u00f3n porque un apellido de origen extranjero como que pone al portador en un nivel muy fif\u00ed del chairo com\u00fan\u2026 por eso \u201cel Carnal Marcelo\u201d&#8230; un disparo con chanfle: se camuflajea el apellido y se le da un dejo de \u201cfamiliaridad\u201d.<\/p>\n\n\n\n<p>* Los aficionados de Ad\u00e1n Augusto no pudieron tener m\u00e1s tino que Robert Lewandowski ante Memo Ochoa; \u00a1vamos! fueron m\u00e1s precisos que los alemanes ante Shuichi Gonda, el cancerbero nip\u00f3n; y la Continuidad de la que habla en su invitaci\u00f3n el Cheko Lozano, digo, el Chucky Guti\u00e9rrez\u2026 bueno, el diputado minatitleco, no s\u00f3lo se da en la cercan\u00eda pol\u00edtica y familiar que tiene Ad\u00e1n con el Presidente, sino hasta en sus or\u00edgenes ed\u00e9nicos \u00a1y hasta en el apellido! Por eso, \u201c\u00a1Que siga L\u00f3pez!\u201d<\/p>\n\n\n\n<p>* En Cardel, ese mismo s\u00e1bado, en el mismo punto donde han de tomar protesta a los Comit\u00e9s Directivos Estatal, municipales y distritales de \u201c\u00a1Que siga L\u00f3pez!\u201d, a las 13 horas, todos los presentes pasar\u00e1n del \u201cguinda morena\u201d al \u201cverde mexicano\u201d para corear un nombre: \u201c\u00a1Mesi! \u00a1Mesi! \u00a1M\u00e9sicooo!\u201d, y al t\u00e9rmino del partido, salir a la Ciudad de M\u00e9xico.<\/p>\n\n\n\n<p>* Sin importar c\u00f3mo le vaya al Tri ese d\u00eda contra Argentina, algunos mexicanos ir\u00e1n a festejar al \u00c1ngel de la Independencia, pero ser\u00e1 para acompa\u00f1ar a L\u00f3pez Obrador a la marcha que convoc\u00f3\u2026 \u00bfImag\u00ednense si M\u00e9xico le gana a la albiceleste el s\u00e1bado? El domingo estar\u00e1n doblemente insoportables los morenos\u2026 s\u00ed, doble festejo.<\/p>\n\n\n\n<p>* No me crea, pero si Memo Ochoa vuelve a tener una actuaci\u00f3n como la que tuvo ante Polonia, no ha de tardar entonces la Iniciativa que pida El D\u00eda de Memo Ochoa y hasta la canonizaci\u00f3n de San Memo\u2026 Adem\u00e1s, hacer de Guadalajara, su lugar de nacimiento, Pueblo M\u00e1gico y si ya lo es, \u00a1su colonia! Y si hay \u201c\u00a1Que siga L\u00f3pez!\u201d en el 2024, \u00a1pues que siga Memo en el 2026!<\/p>\n\n\n\n<p>QUE SIGA L\u00d3PEZ Y MEMO!<\/p>\n\n\n\n<p>Salvador Mu\u00f1oz<\/p>\n\n\n\n<p>Los Pol\u00edticos<\/p>\n\n\n\n<p>\u00bfYa est\u00e1 listo para el s\u00e1bado? Los morenos tambi\u00e9n\u2026 pero todos los mexicanos en espera de que otro Moreno, \u00e9ste H\u00e9ctor, y no Yunes, deje de regar el tepache como lo hizo con los polacos\u2026<\/p>\n\n\n\n<p>* Por cierto, \u00bfc\u00f3mo jijos la pas\u00f3 Rafael Hern\u00e1ndez Villalpando cuando Robert Lewandowski fall\u00f3 el penal ante Memo Ochoa? \u00bfCelebr\u00f3 la atajada ante su esposa, la polaca?<\/p>\n\n\n\n<p>* No me crean, pero dicen que en Palacio Nacional, celebraron con todo esa parada, porque ten\u00eda rato que nom\u00e1s no\u2026 \u00a1hey! no sean mal pensados\u2026 Recuerden que Memo Ochoa ten\u00eda 19 penales seguidos acabados en gol; otro dato: de las 73 penas m\u00e1ximas que ha enfrentado bajo los tres palos, s\u00f3lo ha detenido 14\u2026 \u00a1saquen la estad\u00edstica!<\/p>\n\n\n\n<p>* Como sea, el s\u00e1bado va a estar candente en Veracruz\u2026 y m\u00e1s en Cardel, en el Deportivo de la Secci\u00f3n 19, con el \u201c\u00a1Que siga L\u00f3pez!\u201d donde han de formalizar las estructuras de este movimiento a favor de Ad\u00e1n Augusto L\u00f3pez Hern\u00e1ndez, con miras al 2024.<\/p>\n\n\n\n<p>* \u00a1No sean cabrones! \u00bfC\u00f3mo que Ad\u00e1n Augusto es el Tata Martino de la polaca? Es cierto, ambos se ven ya corridos por terracer\u00eda, pero el DT de Gobernaci\u00f3n tiene 59 a\u00f1os, y el Timonel del Tri, 60\u2026 Bueno, en cierto modo, s\u00ed podr\u00eda ser el Tata porque mientras el T\u00e9cnico nacional tiene al Chucky Lozano, el t\u00e9cnico de Bucareli tiene al Cheko Guti\u00e9rrez\u2026 quiz\u00e1s por eso\u2026<\/p>\n\n\n\n<p>* Ya que citamos al minatitleco, en la invitaci\u00f3n que hace a formar parte de \u201c\u00a1Que siga L\u00f3pez! \u00a1Estamos A gusto!\u201d, cita una palabra clave: Continuidad. Futbol\u00edsticamente hablando, podr\u00edamos citar esa continuidad en el arco con la selecci\u00f3n mexicana: 2014, en Brasil, Memo Ochoa; 2018, Rusia, Memo Ochoa; 2022, Qatar, Memo Ochoa\u2026 y conste, con buenos porteros atr\u00e1s\u2026 ahora, pol\u00edticamente hablando, si hablamos de Continuidad en la Cuarta Transformaci\u00f3n, est\u00e1 Marcelo Ebrard, Claudia Sheinbaum y Ad\u00e1n Augusto. \u00bfQui\u00e9n de estos tres le garantiza al \u201cTata Amlino\u201d que siga al pie de la letra el proyecto pol\u00edtico que \u00e9l inici\u00f3?<\/p>\n\n\n\n<p>* Detallitos: Los aficionados de Sheinbaum ya se dieron cuenta que a nivel raza, nos cuesta un chorro pronunciar el apellido jud\u00edo (Chamb\u00f3n, decimos)&#8230; por eso es que empezaron a poner nuevas pintas: Claudia.<\/p>\n\n\n\n<p>* Los aficionados de Ebrard igual se dieron cuenta que el apellido galo del canciller como que no va con la onda populista de la Cuarta Transformaci\u00f3n porque un apellido de origen extranjero como que pone al portador en un nivel muy fif\u00ed del chairo com\u00fan\u2026 por eso \u201cel Carnal Marcelo\u201d&#8230; un disparo con chanfle: se camuflajea el apellido y se le da un dejo de \u201cfamiliaridad\u201d.<\/p>\n\n\n\n<p>* Los aficionados de Ad\u00e1n Augusto no pudieron tener m\u00e1s tino que Robert Lewandowski ante Memo Ochoa; \u00a1vamos! fueron m\u00e1s precisos que los alemanes ante Shuichi Gonda, el cancerbero nip\u00f3n; y la Continuidad de la que habla en su invitaci\u00f3n el Cheko Lozano, digo, el Chucky Guti\u00e9rrez\u2026 bueno, el diputado minatitleco, no s\u00f3lo se da en la cercan\u00eda pol\u00edtica y familiar que tiene Ad\u00e1n con el Presidente, sino hasta en sus or\u00edgenes ed\u00e9nicos \u00a1y hasta en el apellido! Por eso, \u201c\u00a1Que siga L\u00f3pez!\u201d<\/p>\n\n\n\n<p>* En Cardel, ese mismo s\u00e1bado, en el mismo punto donde han de tomar protesta a los Comit\u00e9s Directivos Estatal, municipales y distritales de \u201c\u00a1Que siga L\u00f3pez!\u201d, a las 13 horas, todos los presentes pasar\u00e1n del \u201cguinda morena\u201d al \u201cverde mexicano\u201d para corear un nombre: \u201c\u00a1Mesi! \u00a1Mesi! \u00a1M\u00e9sicooo!\u201d, y al t\u00e9rmino del partido, salir a la Ciudad de M\u00e9xico.<\/p>\n\n\n\n<p>* Sin importar c\u00f3mo le vaya al Tri ese d\u00eda contra Argentina, algunos mexicanos ir\u00e1n a festejar al \u00c1ngel de la Independencia, pero ser\u00e1 para acompa\u00f1ar a L\u00f3pez Obrador a la marcha que convoc\u00f3\u2026 \u00bfImag\u00ednense si M\u00e9xico le gana a la albiceleste el s\u00e1bado? El domingo estar\u00e1n doblemente insoportables los morenos\u2026 s\u00ed, doble festejo.<\/p>\n\n\n\n<p>* No me crea, pero si Memo Ochoa vuelve a tener una actuaci\u00f3n como la que tuvo ante Polonia, no ha de tardar entonces la Iniciativa que pida El D\u00eda de Memo Ochoa y hasta la canonizaci\u00f3n de San Memo\u2026 Adem\u00e1s, hacer de Guadalajara, su lugar de nacimiento, Pueblo M\u00e1gico y si ya lo es, \u00a1su colonia! Y si hay \u201c\u00a1Que siga L\u00f3pez!\u201d en el 2024, \u00a1pues que siga Memo en el 2026!<\/p>\n\n\n\n<p>QUE SIGA L\u00d3PEZ Y MEMO!<\/p>\n\n\n\n<p>Salvador Mu\u00f1oz<\/p>\n\n\n\n<p>Los Pol\u00edticos<\/p>\n\n\n\n<p>\u00bfYa est\u00e1 listo para el s\u00e1bado? Los morenos tambi\u00e9n\u2026 pero todos los mexicanos en espera de que otro Moreno, \u00e9ste H\u00e9ctor, y no Yunes, deje de regar el tepache como lo hizo con los polacos\u2026<\/p>\n\n\n\n<p>* Por cierto, \u00bfc\u00f3mo jijos la pas\u00f3 Rafael Hern\u00e1ndez Villalpando cuando Robert Lewandowski fall\u00f3 el penal ante Memo Ochoa? \u00bfCelebr\u00f3 la atajada ante su esposa, la polaca?<\/p>\n\n\n\n<p>* No me crean, pero dicen que en Palacio Nacional, celebraron con todo esa parada, porque ten\u00eda rato que nom\u00e1s no\u2026 \u00a1hey! no sean mal pensados\u2026 Recuerden que Memo Ochoa ten\u00eda 19 penales seguidos acabados en gol; otro dato: de las 73 penas m\u00e1ximas que ha enfrentado bajo los tres palos, s\u00f3lo ha detenido 14\u2026 \u00a1saquen la estad\u00edstica!<\/p>\n\n\n\n<p>* Como sea, el s\u00e1bado va a estar candente en Veracruz\u2026 y m\u00e1s en Cardel, en el Deportivo de la Secci\u00f3n 19, con el \u201c\u00a1Que siga L\u00f3pez!\u201d donde han de formalizar las estructuras de este movimiento a favor de Ad\u00e1n Augusto L\u00f3pez Hern\u00e1ndez, con miras al 2024.<\/p>\n\n\n\n<p>* \u00a1No sean cabrones! \u00bfC\u00f3mo que Ad\u00e1n Augusto es el Tata Martino de la polaca? Es cierto, ambos se ven ya corridos por terracer\u00eda, pero el DT de Gobernaci\u00f3n tiene 59 a\u00f1os, y el Timonel del Tri, 60\u2026 Bueno, en cierto modo, s\u00ed podr\u00eda ser el Tata porque mientras el T\u00e9cnico nacional tiene al Chucky Lozano, el t\u00e9cnico de Bucareli tiene al Cheko Guti\u00e9rrez\u2026 quiz\u00e1s por eso\u2026<\/p>\n\n\n\n<p>* Ya que citamos al minatitleco, en la invitaci\u00f3n que hace a formar parte de \u201c\u00a1Que siga L\u00f3pez! \u00a1Estamos A gusto!\u201d, cita una palabra clave: Continuidad. Futbol\u00edsticamente hablando, podr\u00edamos citar esa continuidad en el arco con la selecci\u00f3n mexicana: 2014, en Brasil, Memo Ochoa; 2018, Rusia, Memo Ochoa; 2022, Qatar, Memo Ochoa\u2026 y conste, con buenos porteros atr\u00e1s\u2026 ahora, pol\u00edticamente hablando, si hablamos de Continuidad en la Cuarta Transformaci\u00f3n, est\u00e1 Marcelo Ebrard, Claudia Sheinbaum y Ad\u00e1n Augusto. \u00bfQui\u00e9n de estos tres le garantiza al \u201cTata Amlino\u201d que siga al pie de la letra el proyecto pol\u00edtico que \u00e9l inici\u00f3?<\/p>\n\n\n\n<p>* Detallitos: Los aficionados de Sheinbaum ya se dieron cuenta que a nivel raza, nos cuesta un chorro pronunciar el apellido jud\u00edo (Chamb\u00f3n, decimos)&#8230; por eso es que empezaron a poner nuevas pintas: Claudia.<\/p>\n\n\n\n<p>* Los aficionados de Ebrard igual se dieron cuenta que el apellido galo del canciller como que no va con la onda populista de la Cuarta Transformaci\u00f3n porque un apellido de origen extranjero como que pone al portador en un nivel muy fif\u00ed del chairo com\u00fan\u2026 por eso \u201cel Carnal Marcelo\u201d&#8230; un disparo con chanfle: se camuflajea el apellido y se le da un dejo de \u201cfamiliaridad\u201d.<\/p>\n\n\n\n<p>* Los aficionados de Ad\u00e1n Augusto no pudieron tener m\u00e1s tino que Robert Lewandowski ante Memo Ochoa; \u00a1vamos! fueron m\u00e1s precisos que los alemanes ante Shuichi Gonda, el cancerbero nip\u00f3n; y la Continuidad de la que habla en su invitaci\u00f3n el Cheko Lozano, digo, el Chucky Guti\u00e9rrez\u2026 bueno, el diputado minatitleco, no s\u00f3lo se da en la cercan\u00eda pol\u00edtica y familiar que tiene Ad\u00e1n con el Presidente, sino hasta en sus or\u00edgenes ed\u00e9nicos \u00a1y hasta en el apellido! Por eso, \u201c\u00a1Que siga L\u00f3pez!\u201d<\/p>\n\n\n\n<p>* En Cardel, ese mismo s\u00e1bado, en el mismo punto donde han de tomar protesta a los Comit\u00e9s Directivos Estatal, municipales y distritales de \u201c\u00a1Que siga L\u00f3pez!\u201d, a las 13 horas, todos los presentes pasar\u00e1n del \u201cguinda morena\u201d al \u201cverde mexicano\u201d para corear un nombre: \u201c\u00a1Mesi! \u00a1Mesi! \u00a1M\u00e9sicooo!\u201d, y al t\u00e9rmino del partido, salir a la Ciudad de M\u00e9xico.<\/p>\n\n\n\n<p>* Sin importar c\u00f3mo le vaya al Tri ese d\u00eda contra Argentina, algunos mexicanos ir\u00e1n a festejar al \u00c1ngel de la Independencia, pero ser\u00e1 para acompa\u00f1ar a L\u00f3pez Obrador a la marcha que convoc\u00f3\u2026 \u00bfImag\u00ednense si M\u00e9xico le gana a la albiceleste el s\u00e1bado? El domingo estar\u00e1n doblemente insoportables los morenos\u2026 s\u00ed, doble festejo.<\/p>\n\n\n\n<p>* No me crea, pero si Memo Ochoa vuelve a tener una actuaci\u00f3n como la que tuvo ante Polonia, no ha de tardar entonces la Iniciativa que pida El D\u00eda de Memo Ochoa y hasta la canonizaci\u00f3n de San Memo\u2026 Adem\u00e1s, hacer de Guadalajara, su lugar de nacimiento, Pueblo M\u00e1gico y si ya lo es, \u00a1su colonia! Y si hay \u201c\u00a1Que siga L\u00f3pez!\u201d en el 2024, \u00a1pues que siga Memo en el 2026!<\/p>\n","protected":false},"excerpt":{"rendered":"<p>Los Pol\u00edticos Salvador Mu\u00f1oz \u00bfYa est\u00e1 listo para el s\u00e1bado? Los morenos tambi\u00e9n\u2026 pero todos los mexicanos en espera de que otro Moreno, \u00e9ste H\u00e9ctor, y no Yunes, deje de regar el tepache como lo hizo con los polacos\u2026 * Por cierto, \u00bfc\u00f3mo jijos la pas\u00f3 Rafael Hern\u00e1ndez Villalpando cuando Robert Lewandowski fall\u00f3 el penal [&hellip;]<\/p>\n","protected":false},"author":1,"featured_media":387,"comment_status":"open","ping_status":"open","sticky":false,"template":"","format":"standard","meta":{"_jetpack_memberships_contains_paid_content":false,"footnotes":""},"categories":[11],"tags":[],"class_list":["post-33789","post","type-post","status-publish","format-standard","has-post-thumbnail","hentry","category-opinion"],"jetpack_featured_media_url":"https:\/\/encuentroinformativo.com.mx\/wp-content\/uploads\/2020\/03\/7CF8A22B-2764-47BE-8F7F-38FE9E5D6A2F.jpeg","jetpack_sharing_enabled":true,"jetpack_likes_enabled":true,"amp_enabled":true,"_links":{"self":[{"href":"https:\/\/encuentroinformativo.com.mx\/index.php?rest_route=\/wp\/v2\/posts\/33789","targetHints":{"allow":["GET"]}}],"collection":[{"href":"https:\/\/encuentroinformativo.com.mx\/index.php?rest_route=\/wp\/v2\/posts"}],"about":[{"href":"https:\/\/encuentroinformativo.com.mx\/index.php?rest_route=\/wp\/v2\/types\/post"}],"author":[{"embeddable":true,"href":"https:\/\/encuentroinformativo.com.mx\/index.php?rest_route=\/wp\/v2\/users\/1"}],"replies":[{"embeddable":true,"href":"https:\/\/encuentroinformativo.com.mx\/index.php?rest_route=%2Fwp%2Fv2%2Fcomments&post=33789"}],"version-history":[{"count":1,"href":"https:\/\/encuentroinformativo.com.mx\/index.php?rest_route=\/wp\/v2\/posts\/33789\/revisions"}],"predecessor-version":[{"id":33790,"href":"https:\/\/encuentroinformativo.com.mx\/index.php?rest_route=\/wp\/v2\/posts\/33789\/revisions\/33790"}],"wp:featuredmedia":[{"embeddable":true,"href":"https:\/\/encuentroinformativo.com.mx\/index.php?rest_route=\/wp\/v2\/media\/387"}],"wp:attachment":[{"href":"https:\/\/encuentroinformativo.com.mx\/index.php?rest_route=%2Fwp%2Fv2%2Fmedia&parent=33789"}],"wp:term":[{"taxonomy":"category","embeddable":true,"href":"https:\/\/encuentroinformativo.com.mx\/index.php?rest_route=%2Fwp%2Fv2%2Fcategories&post=33789"},{"taxonomy":"post_tag","embeddable":true,"href":"https:\/\/encuentroinformativo.com.mx\/index.php?rest_route=%2Fwp%2Fv2%2Ftags&post=33789"}],"curies":[{"name":"wp","href":"https:\/\/api.w.org\/{rel}","templated":true}]}}