{"id":33791,"date":"2022-11-24T09:39:48","date_gmt":"2022-11-24T15:39:48","guid":{"rendered":"https:\/\/encuentroinformativo.com.mx\/?p=33791"},"modified":"2022-11-24T09:39:52","modified_gmt":"2022-11-24T15:39:52","slug":"lima-franco-a-pesar-de-criticas-sin-fundamento-hemos-bajado-la-deuda","status":"publish","type":"post","link":"https:\/\/encuentroinformativo.com.mx\/?p=33791","title":{"rendered":"LIMA FRANCO: A PESAR DE CR\u00cdTICAS SIN FUNDAMENTO, HEMOS BAJADO LA DEUDA"},"content":{"rendered":"\n<p><strong>ColumnaSinNombre<br>@pablojair<\/strong><\/p>\n\n\n\n<ul class=\"wp-block-list\"><li>Celebra PRI disposici\u00f3n del titular de SEFIPLAN.<\/li><li>M\u00ednimo un monumento gigante a Frida en Reforma.<\/li><li>Inevitablemente desaparecer\u00e1n los impresos.<\/li><\/ul>\n\n\n\n<p>Que en una de esas llaman a Licha o al Tribil\u00edn<br>para que aclaren cuentas en la SSP<br>\u2014Chopenjawer<\/p>\n\n\n\n<p>Este mi\u00e9rcoles compareci\u00f3 ante el Congreso del Estado el secretario de Finanzas de Veracruz, Jos\u00e9 Luis Lima Franco, y fue reconocido hasta por diputados de la oposici\u00f3n.<\/p>\n\n\n\n<p>Y es que, neta, no tendr\u00edan ni un gramo de autoridad moral los pol\u00edticos de los partidos que gobernaron en sexenios antes (enti\u00e9ndase PRI y PAN) quienes permitieron que creciera esa bola de nieve llamada \u201cdeuda\u201d en las finanzas de Veracruz.<\/p>\n\n\n\n<p>Para recordar: el \u00faltimo que dej\u00f3 dinero en caja para su sucesor fue Patricio Chirinos Calero, quien gobern\u00f3 de 1992 a 1998; los siguientes gobernadores (Miguel Alem\u00e1n, Fidel Herrera, Javier Duarte y Miguel \u00c1ngel Yunes Linares) fueron los causantes de la debacle financiera del estado, que se agudiz\u00f3 principalmente en el sexenio de Duarte.<\/p>\n\n\n\n<p>Todos dejaron deudas, as\u00ed con la m\u00e1xima de \u201cel que sigue, paga\u201d. As\u00ed se desentendieron de muchos compromisos, como ocurri\u00f3 con el caso de la Universidad Veracruzana y el Instituto de Pensiones del Estado.<\/p>\n\n\n\n<p>El gran m\u00e9rito de la 4T en Veracruz (y no se debe olvidar) es que le entraron al tema financiero con todo, primero apret\u00e1ndose el cintur\u00f3n en cuanto a privilegios como los costosos viajes en aeronaves, haciendo contenci\u00f3n del gasto, reducci\u00f3n de salarios, y quitando hasta el exceso de guaruras que muchos funcionarios ten\u00edan.<\/p>\n\n\n\n<p>Lima Franco, por ejemplo, a diferencia de hace algunos a\u00f1os, es alguien que no se traslada con los excesos del pasado, cuando el secretario de Finanzas tra\u00eda m\u00ednimo seis \u201cguachomas\u201d y una \u201cavanzada\u201d. Al secretario lo hemos visto llegar a reuniones solo, en un modesto veh\u00edculo Prius-C, que es de los famosos h\u00edbridos.<\/p>\n\n\n\n<p>Pero adem\u00e1s del ahorro, tambi\u00e9n en el Gobierno de Veracruz decidieron frenar el incremento de la deuda que les heredaron. Son los que decidieron pagar los pendientes que les dejaron y no \u201ccargarlo\u201d a la siguiente administraci\u00f3n.<\/p>\n\n\n\n<p>\u201cEs imperativo hacer memoria, pues si bien han sido cuatro a\u00f1os de gran avance en el saneamiento y fortalecimiento financiero, no podemos olvidar el abuso, la opacidad y el saqueo; para no cometer nunca m\u00e1s esos mismos atropellos\u201d, subray\u00f3 el secretario en su discurso.<\/p>\n\n\n\n<p>\u201cRecibimos un estado que financieramente se ve\u00eda imposible de rescatar. Recibimos arcas vac\u00edas y deudas exorbitantes. Heredamos un estado rezagado como consecuencia de los malos gobiernos que nos antecedieron. El saneamiento financiero ha sido paulatino, pero constante\u201d, expres\u00f3.<\/p>\n\n\n\n<p>Dio un dato preciso: \u201cAl d\u00eda de hoy, se han pagado m\u00e1s de 16,356 millones de pesos\u201d.<\/p>\n\n\n\n<p>\u00bfY en que se ha ido esa lana? En pago de cr\u00e9ditos fiscales: 12 mil 950 millones 475 mil 823 pesos; pago total de controversias municipales por un monto de 2 mil 563 millones 317 mil 639 pesos; pago por concepto de juicios con un monto de 842 millones 280 mil 882 pesos.<\/p>\n\n\n\n<p>\u201cEsto debe quedar muy claro y ser recordado: ning\u00fan gobierno hab\u00eda pagado sus obligaciones como el gobierno que encabeza el ingeniero Cuitl\u00e1huac Garc\u00eda Jim\u00e9nez (\u2026) M\u00e1s de 16 mil millones de pesos pagados es un resultado sin precedentes, y seguiremos liquidando deudas para que quede escrito en la historia que este es un gobierno serio, responsable y honesto\u201d, dijo.<\/p>\n\n\n\n<p>Lima Franco tambi\u00e9n fue enf\u00e1tico al decir que \u201cmuy a pesar de las cr\u00edticas sin fundamento, en Veracruz hemos bajado la deuda\u201d.<\/p>\n\n\n\n<p>Explic\u00f3: \u201cAl inicio de esta administraci\u00f3n, la deuda total que nos heredaron era de 87 mil 207 millones 200 mil pesos. Hoy la deuda es de 74 mil 159 millones 100 mil pesos. M\u00e1s de 13 mil 048 millones de pesos se ha logrado reducir la deuda del estado\u201d.<\/p>\n\n\n\n<p>\u201cLos n\u00fameros no mienten y los datos son p\u00fablicos \u2014subray\u00f3\u2014 Para dar la cifra exacta de la deuda, solo se requiere saber sumar y restar, as\u00ed como tambi\u00e9n dejar de querer mentirle al pueblo veracruzano. Le incomode a quien le incomode, el gobierno del ingeniero Cuitl\u00e1huac Garc\u00eda Jim\u00e9nez, es el \u00fanico que sabe pagar\u201d.<\/p>\n\n\n\n<p>Y la raz\u00f3n le asiste al secretario: nadie de los cuatro gobernadores antes mencionados se dedic\u00f3 a pagar: todos gastaron y gastaron, pidieron y pidieron, sacaron y sacaron\u2026 pero nadie se dedic\u00f3 a pagar.<\/p>\n\n\n\n<p>\u201cEs el \u00fanico gobierno en m\u00e1s de 20 a\u00f1os que reduce la deuda que nos dejaron los malos gobiernos de Alem\u00e1n, Fidel, Duarte y Yunes\u201d, remat\u00f3.<\/p>\n\n\n\n<p>\u00bfAs\u00ed o m\u00e1s claro, mis ni\u00f1os?<\/p>\n\n\n\n<p><strong>NOTA PARA PEGAR EN EL REFRI:<\/strong> A nombre del Grupo Legislativo del Partido Revolucionario Institucional (PRI) en Veracruz, el diputado Marlon Ram\u00edrez Mar\u00edn, celebr\u00f3 la disposici\u00f3n de Jos\u00e9 Luis Lima Franco, secretario de Finanzas y Planeaci\u00f3n (SEFIPLAN) estatal, para discutir y avanzar en la reforma a la Ley del Instituto de Pensiones del Estado (IPE)\u2026Durante la comparecencia del funcionario estatal ante la Comisi\u00f3n Permanente de Hacienda del Estado de la LXVI Legislatura del Congreso del Estado de Veracruz, el diputado priista le cuestion\u00f3 si con base en la solidez que aseguran existe en las finanzas, hay un compromiso de llevar a cabo esta reforma que adem\u00e1s durante muchos meses han planteado las diversas organizaciones de trabajadores\u2026 \u201cCon todo gusto podemos discutir el tema de la reforma Diputado, va a ser un tema que va a caer en este Congreso, es muy sensible, hay que trabajarlo, la directora Daniela Griego lo sabe, hay que tocar base con los organismos de pensionados, con los sindicatos, y con todo gusto estamos en la mejor disposici\u00f3n de entrar en esa discusi\u00f3n para hacer esa reforma\u201d, puntualiz\u00f3 el secretario\u2026 Marlon Ram\u00edrez Mar\u00edn tambi\u00e9n agradeci\u00f3 la respuesta a las preguntas planteadas en lo referente a las finanzas p\u00fablicas estatales, y la disposici\u00f3n mostrada por el funcionario estatal para llevar a cabo una reuni\u00f3n de trabajo en la que se trate la transferencia de participaciones a los municipios gobernados por el PRI.<\/p>\n\n\n\n<p><strong>OTRA NOTA:<\/strong> Para este jueves est\u00e1 contemplado el \u00faltimo adi\u00f3s a la querida perrita Frida, quien falleciera el pasado 15 de noviembre de 2022, de muerte natural a los 13 a\u00f1os de edad\u2026 Como se recordar\u00e1, Frida fue una de las hero\u00ednas del sismo del 19 de septiembre de 2017, donde salv\u00f3 varias vidas. Su semblante, sus gafas, sus botitas, fueron \u00edconos que se popularizaron en redes sociales y medios de comunicaci\u00f3n, convirti\u00e9ndose en una celebridad de la Secretar\u00eda de Marina y en todo un s\u00edmbolo de esperanza para los mexicanos en momentos dif\u00edciles para el pa\u00eds\u2026 La despedida a Frida, organizada por Semar, es abierta a todo el p\u00fablico en el edificio sede a partir de las 11:00hrs. entrando por puerta 4, ubicada en Calzada de la Virgen, en la Ciudad de M\u00e9xico\u2026 La neta, creo que merece un monumento as\u00ed bien grandote en Reforma o alguno de los lugares donde anduvo rescatando vidas.<\/p>\n\n\n\n<p><strong>LA \u00daLTIMA PORQUE SERIES PENDIENTES EN EL \u201cNEIKFLITS\u201d:<\/strong> Retumb\u00f3 fuerte la noticia la desaparici\u00f3n de los peri\u00f3dicos \u201cEl Mundo de C\u00f3rdoba\u201d y \u201cEl Mundo de Orizaba\u201d en su edici\u00f3n impresa, pues se trataba de diarios que en su mejor \u00e9poca no s\u00f3lo fueron el referente obligado desde los a\u00f1os 60 en esa regi\u00f3n, sino que llegaron a tener un gran peso e influencia pol\u00edtica, como ocurr\u00eda regularmente con las familias due\u00f1as de peri\u00f3dicos de gran tiraje\u2026 Los h\u00e1bitos de lectura han cambiado y los que ya desde hace a\u00f1os vienen de m\u00e1s a menos son precisamente los impresos, pues ya nadie compra el peri\u00f3dico para informarse y ha habido algunos que han decidido migrar totalmente a lo digital o de plano solamente distribuir el famoso PDF para subsistir\u2026 Creo que gran parte de la crisis comenz\u00f3 hace ya varios a\u00f1os atr\u00e1s, cuando comenz\u00f3 a haber falta de pagos de los famosos convenios publicitarios millonarios con gobierno que regularmente se pagaba a los rotativos\u2026 Peri\u00f3dicos en Xalapa, como Diario AZ, fueron de los m\u00e1s perjudicados, pues si bien en la plenitud del \u201cpinche poder\u201d llegaron a tener mucho dinero e influencia, al paso de los a\u00f1os les dejaron de pagar y finalmente desaparecieron\u2026 El problema de esa falta de pagos fue general para todos los medios, pero algunos aguantaron m\u00e1s los problemas financieros porque sus costos de operaci\u00f3n son relativamente bajos, como las p\u00e1ginas web o incluso la radio, pero un peri\u00f3dico requiere muchos recursos, personal, etc\u2026 Tampoco hay que ser genios: es un hecho que el impreso terminar\u00e1 por desaparecer incluso por una causa ambiental, para no seguir generando basura o simplemente para cuidar a los \u00e1rboles\u2026 Por cierto, en el caso de \u201clos mundos\u201d, el gan\u00f3n solamente fue uno de los hermanos que ya tra\u00eda el tema digital, pero el resto sali\u00f3 perdiendo junto con varios trabajadores que desde hace un par de d\u00edas se quedaron sin trabajo\u2026 Solidaridad con todos ellos\u2026 Le recomendar\u00eda que fueran a la Secretar\u00eda de Trabajo para cualquier asunto laboral, pero ni siquiera han resuelto el tema de los m\u00e1s de 30 empleados despedidos en el diario \u201cPol\u00edtica\u201d, en Xalapa, y eso que tiene m\u00e1s de 6 a\u00f1os que cerr\u00f3.<\/p>\n","protected":false},"excerpt":{"rendered":"<p>ColumnaSinNombre@pablojair Celebra PRI disposici\u00f3n del titular de SEFIPLAN. M\u00ednimo un monumento gigante a Frida en Reforma. Inevitablemente desaparecer\u00e1n los impresos. Que en una de esas llaman a Licha o al Tribil\u00ednpara que aclaren cuentas en la SSP\u2014Chopenjawer Este mi\u00e9rcoles compareci\u00f3 ante el Congreso del Estado el secretario de Finanzas de Veracruz, Jos\u00e9 Luis Lima Franco, [&hellip;]<\/p>\n","protected":false},"author":1,"featured_media":488,"comment_status":"open","ping_status":"open","sticky":false,"template":"","format":"standard","meta":{"_jetpack_memberships_contains_paid_content":false,"footnotes":""},"categories":[11],"tags":[],"class_list":["post-33791","post","type-post","status-publish","format-standard","has-post-thumbnail","hentry","category-opinion"],"jetpack_featured_media_url":"https:\/\/encuentroinformativo.com.mx\/wp-content\/uploads\/2020\/03\/F471F608-BA1A-416B-BA7B-BCFB24F4E6D0.jpeg","jetpack_sharing_enabled":true,"jetpack_likes_enabled":true,"amp_enabled":true,"_links":{"self":[{"href":"https:\/\/encuentroinformativo.com.mx\/index.php?rest_route=\/wp\/v2\/posts\/33791","targetHints":{"allow":["GET"]}}],"collection":[{"href":"https:\/\/encuentroinformativo.com.mx\/index.php?rest_route=\/wp\/v2\/posts"}],"about":[{"href":"https:\/\/encuentroinformativo.com.mx\/index.php?rest_route=\/wp\/v2\/types\/post"}],"author":[{"embeddable":true,"href":"https:\/\/encuentroinformativo.com.mx\/index.php?rest_route=\/wp\/v2\/users\/1"}],"replies":[{"embeddable":true,"href":"https:\/\/encuentroinformativo.com.mx\/index.php?rest_route=%2Fwp%2Fv2%2Fcomments&post=33791"}],"version-history":[{"count":1,"href":"https:\/\/encuentroinformativo.com.mx\/index.php?rest_route=\/wp\/v2\/posts\/33791\/revisions"}],"predecessor-version":[{"id":33792,"href":"https:\/\/encuentroinformativo.com.mx\/index.php?rest_route=\/wp\/v2\/posts\/33791\/revisions\/33792"}],"wp:featuredmedia":[{"embeddable":true,"href":"https:\/\/encuentroinformativo.com.mx\/index.php?rest_route=\/wp\/v2\/media\/488"}],"wp:attachment":[{"href":"https:\/\/encuentroinformativo.com.mx\/index.php?rest_route=%2Fwp%2Fv2%2Fmedia&parent=33791"}],"wp:term":[{"taxonomy":"category","embeddable":true,"href":"https:\/\/encuentroinformativo.com.mx\/index.php?rest_route=%2Fwp%2Fv2%2Fcategories&post=33791"},{"taxonomy":"post_tag","embeddable":true,"href":"https:\/\/encuentroinformativo.com.mx\/index.php?rest_route=%2Fwp%2Fv2%2Ftags&post=33791"}],"curies":[{"name":"wp","href":"https:\/\/api.w.org\/{rel}","templated":true}]}}