{"id":33805,"date":"2022-11-24T13:50:15","date_gmt":"2022-11-24T19:50:15","guid":{"rendered":"https:\/\/encuentroinformativo.com.mx\/?p=33805"},"modified":"2022-11-24T13:50:19","modified_gmt":"2022-11-24T19:50:19","slug":"uv-incurre-en-subejercicio-afirma-economista","status":"publish","type":"post","link":"https:\/\/encuentroinformativo.com.mx\/?p=33805","title":{"rendered":"UV incurre en subejercicio, afirma economista"},"content":{"rendered":"\n<p><strong>Juan Arcos <\/strong><\/p>\n\n\n\n<p>Xalapa, Ver.- La Universidad Veracruzana (UV) ha incurrido en subejercicios, debido a que el manejo de los recursos p\u00fablicos o del gasto no ha sido el \u00f3ptimo durante algunos a\u00f1os fiscales.<\/p>\n\n\n\n<p>De acuerdo con el economista de la UV, Dar\u00edo Fabi\u00e1n Hern\u00e1ndez Gonz\u00e1lez, los responsables de superar estas ineficiencias son los gobiernos federal y estatal junto con las instituciones de educaci\u00f3n superior.<\/p>\n\n\n\n<p>Lo anterior, con la participaci\u00f3n de la sociedad civil, como instancias t\u00e9cnicas independientes, pues as\u00ed lo marca la ley, pero urgen mayor supervisi\u00f3n y transparencia.<\/p>\n\n\n\n<p>\u201cSi nos remitimos a las evaluaciones de desempe\u00f1o del destino de esos fondos y ramos p\u00fablicos, nos damos cuenta que el desempe\u00f1o del ejercicio del gasto no es \u00f3ptimo, que tiene observaciones a\u00f1o con a\u00f1o e incluso incurren en subejercicios en algunos a\u00f1os fiscales\u201d, expres\u00f3.<\/p>\n\n\n\n<p>El acad\u00e9mico del Instituto de Investigaciones en Estudios Superiores, Econ\u00f3micos y Sociales (IIESES) se pronunci\u00f3 a favor de aumentar a\u00f1o tras a\u00f1o la inversi\u00f3n en educaci\u00f3n superior p\u00fablica, como lo mandata la ley.<\/p>\n\n\n\n<p>\u201cLas instituciones de educaci\u00f3n superior, la sociedad en general, los sectores empresarial y gubernamental, y por supuesto; las \u00a0universidades y tecnol\u00f3gicos p\u00fablicos, reconocemos que es a trav\u00e9s del educaci\u00f3n como se logra el avance productivo, el progreso econ\u00f3mico, los desarrollos y mejoras sociales\u201d, enfatiz\u00f3.<\/p>\n\n\n\n<p>Reconoci\u00f3 que el debate central se encuentra en el destino del recurso p\u00fablico y en el uso que las autoridades gubernamentales y universitarias dan a ese dinero.<\/p>\n\n\n\n<p>Detall\u00f3 que si se descuenta gasto corriente como es n\u00f3mina, el etiquetado a participaciones de municipios, y otros que no son de libre disposici\u00f3n, se cumple casi, con la encomienda del 4 por ciento del presupuesto estatal que debe destinarse a la universidad.<\/p>\n\n\n\n<p>\u201cPero es est\u00e9ril reducir el discurso y el an\u00e1lisis de cu\u00e1nto dinero aumentar, hay que aumentarlo como dice la ley y punto; pero la eficiencia del gasto p\u00fablico en educaci\u00f3n superior es el verdadero tema central\u201d, a\u00f1adi\u00f3.<\/p>\n\n\n\n<p>Hern\u00e1ndez Gonz\u00e1lez consider\u00f3 que es necesario un informe completo y amplio -actualmente es peque\u00f1o y parcial-, con evaluaciones y auditor\u00edas externas de todo el presupuesto, por parte de los organismos fiscalizadores federal y estatal.<\/p>\n\n\n\n<p>Tambi\u00e9n recomend\u00f3 realizar las correcciones al gasto que las evaluaciones de fondos federales a trav\u00e9s del Programa Anual de Evaluaci\u00f3n (PAE) detecta a\u00f1o con a\u00f1o como \u00e1reas de oportunidad y mejora.<\/p>\n\n\n\n<p>Adem\u00e1s, de ampliar los programas de Evaluaciones Externas a todos los Fondos Universitarios, en el uso eficiente del gasto, de todos los fondos o dinero que recibe de la Federaci\u00f3n, el del Estado de Veracruz y los recursos propios como las cuotas de inscripci\u00f3n, de examen de admisi\u00f3n, de ex\u00e1menes, entre otros que pagan los estudiantes.<\/p>\n\n\n\n<p>Cabe recordar que el presupuesto UV del pr\u00f3ximo a\u00f1o planteaba una reducci\u00f3n de alrededor de 40 millones de pesos; sin embargo, el secretario de Finanzas y Planeaci\u00f3n, Jos\u00e9 Luis Lima Franco, asever\u00f3 que se dar\u00e1 a la m\u00e1xima casa de estudios lo correspondiente al 4 por ciento del total del presupuesto.<\/p>\n","protected":false},"excerpt":{"rendered":"<p>Juan Arcos Xalapa, Ver.- La Universidad Veracruzana (UV) ha incurrido en subejercicios, debido a que el manejo de los recursos p\u00fablicos o del gasto no ha sido el \u00f3ptimo durante algunos a\u00f1os fiscales. De acuerdo con el economista de la UV, Dar\u00edo Fabi\u00e1n Hern\u00e1ndez Gonz\u00e1lez, los responsables de superar estas ineficiencias son los gobiernos federal [&hellip;]<\/p>\n","protected":false},"author":1,"featured_media":33806,"comment_status":"open","ping_status":"open","sticky":false,"template":"","format":"standard","meta":{"_jetpack_memberships_contains_paid_content":false,"footnotes":""},"categories":[2],"tags":[],"class_list":["post-33805","post","type-post","status-publish","format-standard","has-post-thumbnail","hentry","category-estado"],"jetpack_featured_media_url":"https:\/\/encuentroinformativo.com.mx\/wp-content\/uploads\/2022\/11\/8BF50AA7-2E1F-40D9-9A54-EE5F559ACADD.jpeg","jetpack_sharing_enabled":true,"jetpack_likes_enabled":true,"amp_enabled":true,"_links":{"self":[{"href":"https:\/\/encuentroinformativo.com.mx\/index.php?rest_route=\/wp\/v2\/posts\/33805","targetHints":{"allow":["GET"]}}],"collection":[{"href":"https:\/\/encuentroinformativo.com.mx\/index.php?rest_route=\/wp\/v2\/posts"}],"about":[{"href":"https:\/\/encuentroinformativo.com.mx\/index.php?rest_route=\/wp\/v2\/types\/post"}],"author":[{"embeddable":true,"href":"https:\/\/encuentroinformativo.com.mx\/index.php?rest_route=\/wp\/v2\/users\/1"}],"replies":[{"embeddable":true,"href":"https:\/\/encuentroinformativo.com.mx\/index.php?rest_route=%2Fwp%2Fv2%2Fcomments&post=33805"}],"version-history":[{"count":1,"href":"https:\/\/encuentroinformativo.com.mx\/index.php?rest_route=\/wp\/v2\/posts\/33805\/revisions"}],"predecessor-version":[{"id":33807,"href":"https:\/\/encuentroinformativo.com.mx\/index.php?rest_route=\/wp\/v2\/posts\/33805\/revisions\/33807"}],"wp:featuredmedia":[{"embeddable":true,"href":"https:\/\/encuentroinformativo.com.mx\/index.php?rest_route=\/wp\/v2\/media\/33806"}],"wp:attachment":[{"href":"https:\/\/encuentroinformativo.com.mx\/index.php?rest_route=%2Fwp%2Fv2%2Fmedia&parent=33805"}],"wp:term":[{"taxonomy":"category","embeddable":true,"href":"https:\/\/encuentroinformativo.com.mx\/index.php?rest_route=%2Fwp%2Fv2%2Fcategories&post=33805"},{"taxonomy":"post_tag","embeddable":true,"href":"https:\/\/encuentroinformativo.com.mx\/index.php?rest_route=%2Fwp%2Fv2%2Ftags&post=33805"}],"curies":[{"name":"wp","href":"https:\/\/api.w.org\/{rel}","templated":true}]}}