{"id":3381,"date":"2020-06-16T06:51:50","date_gmt":"2020-06-16T11:51:50","guid":{"rendered":"https:\/\/encuentroinformativo.com\/?p=3381"},"modified":"2020-06-16T01:59:06","modified_gmt":"2020-06-16T06:59:06","slug":"don-amado","status":"publish","type":"post","link":"https:\/\/encuentroinformativo.com.mx\/?p=3381","title":{"rendered":"DON AMADO"},"content":{"rendered":"\n<p>Este 15 de junio de 2020 pensaba escribir la cr\u00f3nica sobre las peripecias para ver al presidente, pero hoy tambi\u00e9n me he quedado sin abuelitos. Hace apenas unos a\u00f1os, pod\u00eda presumir que viv\u00edan los cuatro, pero en la tarde falleci\u00f3 el \u00faltimo.<\/p>\n\n\n\n<p>Primero se fue Don Nico. Padre de mi mam\u00e1 y mi padre de crianza, el primero que me ense\u00f1\u00f3 libros de Rius y a regalarme cigarros mientras nos desvel\u00e1bamos viendo la tele. Era fuerte como roble, panz\u00f3n, ir\u00f3nico, sarc\u00e1stico y valemadrista. Aficionado a los crucigramas y a sus revistas Quiz con acertijos mentales. Siempre se le recuerda por estar afuera de su casa oyendo el beisbol en su radio, en la banqueta, o descansando en su hamaca en el patio, donde era m\u00e1s fresco. Su mente se fue nublando porque el ox\u00edgeno no le llegaba a su cabecita de pelo chino con canas, y al final parti\u00f3 y no me pude despedir dignamente de \u00e9l.<\/p>\n\n\n\n<p>Luego parti\u00f3 Do\u00f1a Mary, madre de mi pap\u00e1. Gordita, cari\u00f1osa, sonriente y risue\u00f1a: as\u00ed la recuerdo. Le gustaba tocar m\u00fasica en su \u00f3rgano de muchas teclas y era sumamente espiritual. Pese al divorcio de mis jefes, ella constantemente nos buscaba cuando \u00e9ramos ni\u00f1os y siempre nos tra\u00eda regalos. Una vez tuve un conflicto muy fuerte con mi madre y me acuerdo que me fue a buscar para llevarme a cenar, para salir a distraerme y platicar: ten\u00eda ese don que s\u00f3lo tienen las abuelas para calmar el alma con amor. Aunque no convivimos mucho por la distancia relativa entre familias, siempre estuvo ah\u00ed; siempre dedic\u00f3 oraciones a todos sus nietos, a los que quer\u00eda mucho. A lo \u00faltimo perdi\u00f3 su piernita, luego, ella parti\u00f3.<\/p>\n\n\n\n<p>Luego sigui\u00f3 mi madre de crianza: Do\u00f1a Chelo, la viejita m\u00e1s ma\u00f1osa que he conocido. La que cruzaba como &#8220;mojada&#8221; a Texas para trabajar en las maquilas y talleres. La de la familia grande, con muchos hermanos (unos m\u00e1s cabrones que otros, pero todos t\u00edos-abuelos bien chidos). La que de repente sorprend\u00eda porque se sab\u00eda canciones de Edith Piaf &#8220;La Gorrioncillo&#8221; o te reconoc\u00eda cl\u00e1sicos como minuetos de Mozart o Pour Elise, de Beethoven. De hecho, era muy aficionada a la m\u00fasica y lleg\u00f3 a regalarme casettes de tr\u00edos como &#8220;Los Calavera&#8221;; tambi\u00e9n la recuerdo con sus libros de Herbolaria y su afici\u00f3n al ajo como un medicamento natural. Ella pas\u00f3 sus \u00faltimos d\u00edas con mi madre, refunfu\u00f1ando que quer\u00eda estar en su casa. Su memoria se fue perdiendo, pero ah\u00ed estuvo siempre.<\/p>\n\n\n\n<p>Este 15 de junio, por la tarde, parti\u00f3 Don Amado, el padre de mi padre y patriarca de los Ortega. De todos los abuelos, el m\u00e1s conocido por su historia en el gremio sindical petrolero como l\u00edder nacional de Marina. No hab\u00eda dirigente petrolero o pol\u00edtico en la regi\u00f3n de Minatitl\u00e1n que no conociera a mi abuelo y lo respetara, por su don de gente y disposici\u00f3n de ayudar.<\/p>\n\n\n\n<p>Con \u00e9l quiz\u00e1s tuve menos acercamiento pasando la adolescencia, pero s\u00ed lo recuerdo mucho. Ya grande me gustaba mucho escucharlo contar sus historias de pol\u00edtica y la \u00faltima que realmente me sorprendi\u00f3 fue cuando me enter\u00e9 que se dedic\u00f3 al contrabando de licor en su juventud, bajando los pomos de los buques que llegaban a Nanchital, transport\u00e1ndolos a trav\u00e9s del r\u00edo Coatzacoalcos y finalmente vend\u00eda en las cantinas de Minatitl\u00e1n.<\/p>\n\n\n\n<p>El viejo Amado tambi\u00e9n era conocido por ser bohemio. Muchos de los que lo conocieron me dec\u00edan que era un deleite sentarse a tomar con \u00e9l porque se pod\u00edan pasar horas platicando de pol\u00edtica, de la vida, de todo, pero adem\u00e1s sab\u00eda tomar, echar desmadre y dif\u00edcilmente se le ve\u00eda embriagado. Lleg\u00f3 a ser due\u00f1o de uno de los cabarets m\u00e1s importantes en el estado, &#8220;El Mes\u00f3n de Los P\u00e1jaros&#8221;, quiz\u00e1s de los primeros en la entidad en la \u00e9poca gloriosa de Minatitl\u00e1n, en los a\u00f1os dorados del petr\u00f3leo, con vedettes, showmans, cantantes, grupos musicales, etc.<\/p>\n\n\n\n<p>Ah\u00ed, abajo de la caja registradora que atend\u00eda mi mam\u00e1, estaba mi cuna, as\u00ed que se puede decir que mis primeros a\u00f1os los pas\u00e9 en un congal gracias a mi abuelo paterno.<\/p>\n\n\n\n<p>Incluso ya jubilado lleg\u00f3 a tener sutil influencia en el sindicato petrolero; de esos vatos de la vieja escuela de colmillo retorcido; de esos personajes que se hacen sentir sin hacer tanto ruido. Creo que el viejo sab\u00eda la importancia de sembrar favores y cosecharlos, como cuando Carlos Romero Deschamps (el sempiterno dirigente petrolero recientemente despedido) lo saludaba con cari\u00f1o cuando lo ve\u00eda en Minatitl\u00e1n, porque nunca se olvid\u00f3 que Don Amado lo ayudaba cuando Romero era un simple asistente. Sencillamente Don Amado era un viejazo muy cabr\u00f3n y ten\u00eda muchos amigos.<\/p>\n\n\n\n<p>Creo que Don Amado merec\u00eda un homenaje o reconocimiento de Minatitl\u00e1n, pero nunca fue de los que buscaba reflectores. Alguna vez platicando con \u00e9l una noche, frente al templo a donde iba mi abuela a rezar, me dijo de la vida en el mar y los d\u00edas que eran todos iguales. Pragm\u00e1tico, apost\u00f3 siempre m\u00e1s a que un hombre deb\u00eda aprender un oficio m\u00e1s que una carrera universitaria.<\/p>\n\n\n\n<p>Alguna vez le pregunt\u00e9 qu\u00e9 se necesitaba para ser pol\u00edtico y si era para tener poder. Serio, me dijo &#8220;no, es para servir&#8221;.<\/p>\n\n\n\n<p>Me hubiera gustado platicarle que hoy me toc\u00f3 cubrir al Presidente en su evento en Xalapa.&nbsp;<\/p>\n\n\n\n<p>En sus \u00faltimos d\u00edas luc\u00eda muy flaquito y estuvo al pie del ca\u00f1\u00f3n al lado de Do\u00f1a Mary hasta donde sus fuerzas se lo permit\u00edan. Hoy le toc\u00f3 trascender en medio de la pandemia: un r\u00e1pido adi\u00f3s.<\/p>\n\n\n\n<p>Aunque yo pens\u00e9 que era un poco m\u00e1s lejano, alguna vez el profe Danilo, director de la secundaria donde estudi\u00e9, me cont\u00f3 que Don Amado iba a la escuela a preguntar por m\u00ed y por mi hermana; de eso me enter\u00e9 muchos a\u00f1os despu\u00e9s.<\/p>\n\n\n\n<p>Quiz\u00e1s el mejor homenaje que tendr\u00eda el viejo Amado ser\u00eda destapar una chela o un whiskito, como aquella vez que incineraron a Do\u00f1a Mary y fue el \u00faltimo trago que tomamos junto al viejo, los primos y el t\u00edo Jorge, que se rif\u00f3 con la botella&#8230;<\/p>\n\n\n\n<p>Ya vas, viejo, salud&#8230; \u00a1Buen viento y buena mar!<br><br><strong>@pablojair<\/strong><\/p>\n\n\n\n<p><\/p>\n","protected":false},"excerpt":{"rendered":"<p>Este 15 de junio de 2020 pensaba escribir la cr\u00f3nica sobre las peripecias para ver al presidente, pero hoy tambi\u00e9n me he quedado sin abuelitos. Hace apenas unos a\u00f1os, pod\u00eda presumir que viv\u00edan los cuatro, pero en la tarde falleci\u00f3 el \u00faltimo. Primero se fue Don Nico. Padre de mi mam\u00e1 y mi padre de [&hellip;]<\/p>\n","protected":false},"author":1,"featured_media":488,"comment_status":"open","ping_status":"open","sticky":false,"template":"","format":"standard","meta":{"_jetpack_memberships_contains_paid_content":false,"footnotes":""},"categories":[11],"tags":[],"class_list":["post-3381","post","type-post","status-publish","format-standard","has-post-thumbnail","hentry","category-opinion"],"jetpack_featured_media_url":"https:\/\/encuentroinformativo.com.mx\/wp-content\/uploads\/2020\/03\/F471F608-BA1A-416B-BA7B-BCFB24F4E6D0.jpeg","jetpack_sharing_enabled":true,"jetpack_likes_enabled":true,"amp_enabled":true,"_links":{"self":[{"href":"https:\/\/encuentroinformativo.com.mx\/index.php?rest_route=\/wp\/v2\/posts\/3381","targetHints":{"allow":["GET"]}}],"collection":[{"href":"https:\/\/encuentroinformativo.com.mx\/index.php?rest_route=\/wp\/v2\/posts"}],"about":[{"href":"https:\/\/encuentroinformativo.com.mx\/index.php?rest_route=\/wp\/v2\/types\/post"}],"author":[{"embeddable":true,"href":"https:\/\/encuentroinformativo.com.mx\/index.php?rest_route=\/wp\/v2\/users\/1"}],"replies":[{"embeddable":true,"href":"https:\/\/encuentroinformativo.com.mx\/index.php?rest_route=%2Fwp%2Fv2%2Fcomments&post=3381"}],"version-history":[{"count":1,"href":"https:\/\/encuentroinformativo.com.mx\/index.php?rest_route=\/wp\/v2\/posts\/3381\/revisions"}],"predecessor-version":[{"id":3382,"href":"https:\/\/encuentroinformativo.com.mx\/index.php?rest_route=\/wp\/v2\/posts\/3381\/revisions\/3382"}],"wp:featuredmedia":[{"embeddable":true,"href":"https:\/\/encuentroinformativo.com.mx\/index.php?rest_route=\/wp\/v2\/media\/488"}],"wp:attachment":[{"href":"https:\/\/encuentroinformativo.com.mx\/index.php?rest_route=%2Fwp%2Fv2%2Fmedia&parent=3381"}],"wp:term":[{"taxonomy":"category","embeddable":true,"href":"https:\/\/encuentroinformativo.com.mx\/index.php?rest_route=%2Fwp%2Fv2%2Fcategories&post=3381"},{"taxonomy":"post_tag","embeddable":true,"href":"https:\/\/encuentroinformativo.com.mx\/index.php?rest_route=%2Fwp%2Fv2%2Ftags&post=3381"}],"curies":[{"name":"wp","href":"https:\/\/api.w.org\/{rel}","templated":true}]}}