{"id":33821,"date":"2022-11-24T16:39:59","date_gmt":"2022-11-24T22:39:59","guid":{"rendered":"https:\/\/encuentroinformativo.com.mx\/?p=33821"},"modified":"2022-11-24T16:40:03","modified_gmt":"2022-11-24T22:40:03","slug":"niega-cuitlahuac-garcia-criminalizar-periodistas","status":"publish","type":"post","link":"https:\/\/encuentroinformativo.com.mx\/?p=33821","title":{"rendered":"Niega Cuitl\u00e1huac Garc\u00eda criminalizar periodistas"},"content":{"rendered":"\n<p><strong>Dar\u00edo Pale <\/strong><\/p>\n\n\n\n<p>Xalapa, Ver.- El exhorto que realiz\u00f3 la Comisi\u00f3n Estatal de Atenci\u00f3n y Protecci\u00f3n a Periodistas (CEAPP), por &#8220;criminalizar y estigmatizar&#8221; al reportero Francisco Eusebio Hern\u00e1ndez Elvira, fue admitido por el gobernador del estado Cuitl\u00e1huac Garc\u00eda Jim\u00e9nez, pero dijo que ni el afectado se quej\u00f3.<\/p>\n\n\n\n<p>En conferencia de prensa se\u00f1al\u00f3 que, &#8220;Ah s\u00ed, no, aceptada, yo no voy a criminalizar al periodista. No lo criminalic\u00e9, eso era uno que me antecedi\u00f3, se acuerdan. Mi opini\u00f3n es: ay\u00fadanos a ayudarte y dinos sobre estos temas para ir sobre los responsables&#8221;.<\/p>\n\n\n\n<p>&#8220;No toman parte la final cuando dije: eso nos va a servir para dar con los responsables&#8221;, se\u00f1al\u00f3.<\/p>\n\n\n\n<p>El Ejecutivo pregunt\u00f3 si se quiere dar o no con los responsables de la privaci\u00f3n ilegal de la libertad del comunicador, independiente de lo que haya dicho sobre el domicilio donde viv\u00eda.<\/p>\n\n\n\n<p>Pregunt\u00f3 por qu\u00e9 se le acusa de criminalizar al reportero por el hecho de querer saber qu\u00e9 fue lo que le sucedi\u00f3 y con ello poder dar con los responsables, m\u00e1s bien eso es colaboraci\u00f3n y protecci\u00f3n al periodista.<\/p>\n\n\n\n<p>Destac\u00f3 que quiz\u00e1 ser\u00eda una garant\u00eda para los reporteros que un gobernador se metiera a fondo para saber qu\u00e9 fue lo que sucedi\u00f3.<\/p>\n\n\n\n<p>Se\u00f1al\u00f3 nuevamente que el comunicador viv\u00eda en la casa de un empresario que fue acusado de huachicoleo y pregunt\u00f3 que si entonces deb\u00edan desviar las investigaciones.<\/p>\n\n\n\n<p>Finalmente el ejecutivo defini\u00f3 que aunque el reportero apareci\u00f3 con vida, sano y salvo, las investigaciones contin\u00faan por noticia criminal.<\/p>\n","protected":false},"excerpt":{"rendered":"<p>Dar\u00edo Pale Xalapa, Ver.- El exhorto que realiz\u00f3 la Comisi\u00f3n Estatal de Atenci\u00f3n y Protecci\u00f3n a Periodistas (CEAPP), por &#8220;criminalizar y estigmatizar&#8221; al reportero Francisco Eusebio Hern\u00e1ndez Elvira, fue admitido por el gobernador del estado Cuitl\u00e1huac Garc\u00eda Jim\u00e9nez, pero dijo que ni el afectado se quej\u00f3. En conferencia de prensa se\u00f1al\u00f3 que, &#8220;Ah s\u00ed, no, [&hellip;]<\/p>\n","protected":false},"author":1,"featured_media":10861,"comment_status":"open","ping_status":"open","sticky":false,"template":"","format":"standard","meta":{"_jetpack_memberships_contains_paid_content":false,"footnotes":""},"categories":[2],"tags":[],"class_list":["post-33821","post","type-post","status-publish","format-standard","has-post-thumbnail","hentry","category-estado"],"jetpack_featured_media_url":"https:\/\/encuentroinformativo.com.mx\/wp-content\/uploads\/2021\/02\/294C3541-DEF7-46A6-94FD-FFDCABEB1C1A.jpeg","jetpack_sharing_enabled":true,"jetpack_likes_enabled":true,"amp_enabled":true,"_links":{"self":[{"href":"https:\/\/encuentroinformativo.com.mx\/index.php?rest_route=\/wp\/v2\/posts\/33821","targetHints":{"allow":["GET"]}}],"collection":[{"href":"https:\/\/encuentroinformativo.com.mx\/index.php?rest_route=\/wp\/v2\/posts"}],"about":[{"href":"https:\/\/encuentroinformativo.com.mx\/index.php?rest_route=\/wp\/v2\/types\/post"}],"author":[{"embeddable":true,"href":"https:\/\/encuentroinformativo.com.mx\/index.php?rest_route=\/wp\/v2\/users\/1"}],"replies":[{"embeddable":true,"href":"https:\/\/encuentroinformativo.com.mx\/index.php?rest_route=%2Fwp%2Fv2%2Fcomments&post=33821"}],"version-history":[{"count":1,"href":"https:\/\/encuentroinformativo.com.mx\/index.php?rest_route=\/wp\/v2\/posts\/33821\/revisions"}],"predecessor-version":[{"id":33822,"href":"https:\/\/encuentroinformativo.com.mx\/index.php?rest_route=\/wp\/v2\/posts\/33821\/revisions\/33822"}],"wp:featuredmedia":[{"embeddable":true,"href":"https:\/\/encuentroinformativo.com.mx\/index.php?rest_route=\/wp\/v2\/media\/10861"}],"wp:attachment":[{"href":"https:\/\/encuentroinformativo.com.mx\/index.php?rest_route=%2Fwp%2Fv2%2Fmedia&parent=33821"}],"wp:term":[{"taxonomy":"category","embeddable":true,"href":"https:\/\/encuentroinformativo.com.mx\/index.php?rest_route=%2Fwp%2Fv2%2Fcategories&post=33821"},{"taxonomy":"post_tag","embeddable":true,"href":"https:\/\/encuentroinformativo.com.mx\/index.php?rest_route=%2Fwp%2Fv2%2Ftags&post=33821"}],"curies":[{"name":"wp","href":"https:\/\/api.w.org\/{rel}","templated":true}]}}