{"id":33823,"date":"2022-11-24T16:44:25","date_gmt":"2022-11-24T22:44:25","guid":{"rendered":"https:\/\/encuentroinformativo.com.mx\/?p=33823"},"modified":"2022-11-24T16:44:30","modified_gmt":"2022-11-24T22:44:30","slug":"inaugura-alcalde-jm-unanue-calle-zamora-en-el-corazon-de-boca-del-rio","status":"publish","type":"post","link":"https:\/\/encuentroinformativo.com.mx\/?p=33823","title":{"rendered":"Inaugura Alcalde JM Un\u00e1nue calle Zamora en el coraz\u00f3n de Boca del R\u00edo"},"content":{"rendered":"\n<p><strong>*<em>Solicitud realizada desde antes de iniciar la administraci\u00f3n y que hoy es una realidad<\/em>.<\/strong><\/p>\n\n\n\n<p>Boca del R\u00edo, Ver.- No se puede hablar del desarrollo de Boca del R\u00edo sin hablar de la cabecera municipal, por ello, este jueves, se inaugur\u00f3 la pavimentaci\u00f3n en concreto estampado de la calle Zamora entre la Avenida Revoluci\u00f3n y la Avenida Veracruz.<\/p>\n\n\n\n<p>El Alcalde de Boca del R\u00edo, Juan Manuel Un\u00e1nue Abascal, recalc\u00f3 que se trata de una merecida obra para los m\u00e1s de 300 habitantes que ser\u00e1n beneficiados con este proyecto que contribuye con la reactivaci\u00f3n econ\u00f3mica de la zona.<\/p>\n\n\n\n<p>\u201cSeguiremos avanzando con obras de calidad en este punto del municipio, el pr\u00f3ximo a\u00f1o tenemos pensado iniciar la rehabilitaci\u00f3n de la Plaza Banderas y concluir con la avenida Zamora hasta el restaurante Varadero y as\u00ed enlazar esta v\u00eda de comunicaci\u00f3n con el bulevar Vicente Fox\u201d.<\/p>\n\n\n\n<p>Adem\u00e1s de los 2 mil 395 metros cuadrados en concreto hidr\u00e1ulico con acabado estampado, se construyeron guarniciones y banquetas de concreto premezclado.<\/p>\n\n\n\n<p>Tambi\u00e9n, rejillas tragatormentas, pintura termopl\u00e1stica de l\u00ednea discontin\u00faa, pintura en guarniciones y pintura termopl\u00e1stica en pasos peatonales.<\/p>\n\n\n\n<p>Dijo Un\u00e1nue Abascal, que este tipo de proyectos, dan un fuerte impulso a los comercios establecidos de la zona, que son promotores de la actividad econ\u00f3mica y de fortalecimiento al empleo en la cabecera municipio.<\/p>\n\n\n\n<p>La idea es ir mejorando la cabecera municipal en los cuatro a\u00f1os de la actual administraci\u00f3n, pues la intenci\u00f3n es que cada d\u00eda se incremente la movilidad en el coraz\u00f3n de Boca del R\u00edo.<\/p>\n\n\n\n<p>Por \u00faltimo, Juan Manuel Un\u00e1nue Abascal, Presidente Municipal, agreg\u00f3 que en esta zona centro del municipio, naci\u00f3 la cultura boque\u00f1a, as\u00ed como su gastronom\u00eda, que sin duda alguna, ha consolidado a Boca del R\u00edo como lo mejor de Veracruz.<\/p>\n\n\n\n<figure class=\"wp-block-image size-large\"><img loading=\"lazy\" decoding=\"async\" width=\"1024\" height=\"576\" src=\"https:\/\/encuentroinformativo.com.mx\/wp-content\/uploads\/2022\/11\/B69549B8-3538-494F-B2E2-B64B5E1A108E.jpeg\" alt=\"\" class=\"wp-image-33825\" srcset=\"https:\/\/encuentroinformativo.com.mx\/wp-content\/uploads\/2022\/11\/B69549B8-3538-494F-B2E2-B64B5E1A108E.jpeg 1024w, https:\/\/encuentroinformativo.com.mx\/wp-content\/uploads\/2022\/11\/B69549B8-3538-494F-B2E2-B64B5E1A108E-300x169.jpeg 300w, https:\/\/encuentroinformativo.com.mx\/wp-content\/uploads\/2022\/11\/B69549B8-3538-494F-B2E2-B64B5E1A108E-768x432.jpeg 768w\" sizes=\"auto, (max-width: 1024px) 100vw, 1024px\" \/><\/figure>\n","protected":false},"excerpt":{"rendered":"<p>*Solicitud realizada desde antes de iniciar la administraci\u00f3n y que hoy es una realidad. Boca del R\u00edo, Ver.- No se puede hablar del desarrollo de Boca del R\u00edo sin hablar de la cabecera municipal, por ello, este jueves, se inaugur\u00f3 la pavimentaci\u00f3n en concreto estampado de la calle Zamora entre la Avenida Revoluci\u00f3n y la [&hellip;]<\/p>\n","protected":false},"author":1,"featured_media":33824,"comment_status":"open","ping_status":"open","sticky":false,"template":"","format":"standard","meta":{"_jetpack_memberships_contains_paid_content":false,"footnotes":""},"categories":[2],"tags":[],"class_list":["post-33823","post","type-post","status-publish","format-standard","has-post-thumbnail","hentry","category-estado"],"jetpack_featured_media_url":"https:\/\/encuentroinformativo.com.mx\/wp-content\/uploads\/2022\/11\/60CFDFCC-008F-4E6B-9A51-18BD408E7BDE.jpeg","jetpack_sharing_enabled":true,"jetpack_likes_enabled":true,"amp_enabled":true,"_links":{"self":[{"href":"https:\/\/encuentroinformativo.com.mx\/index.php?rest_route=\/wp\/v2\/posts\/33823","targetHints":{"allow":["GET"]}}],"collection":[{"href":"https:\/\/encuentroinformativo.com.mx\/index.php?rest_route=\/wp\/v2\/posts"}],"about":[{"href":"https:\/\/encuentroinformativo.com.mx\/index.php?rest_route=\/wp\/v2\/types\/post"}],"author":[{"embeddable":true,"href":"https:\/\/encuentroinformativo.com.mx\/index.php?rest_route=\/wp\/v2\/users\/1"}],"replies":[{"embeddable":true,"href":"https:\/\/encuentroinformativo.com.mx\/index.php?rest_route=%2Fwp%2Fv2%2Fcomments&post=33823"}],"version-history":[{"count":1,"href":"https:\/\/encuentroinformativo.com.mx\/index.php?rest_route=\/wp\/v2\/posts\/33823\/revisions"}],"predecessor-version":[{"id":33826,"href":"https:\/\/encuentroinformativo.com.mx\/index.php?rest_route=\/wp\/v2\/posts\/33823\/revisions\/33826"}],"wp:featuredmedia":[{"embeddable":true,"href":"https:\/\/encuentroinformativo.com.mx\/index.php?rest_route=\/wp\/v2\/media\/33824"}],"wp:attachment":[{"href":"https:\/\/encuentroinformativo.com.mx\/index.php?rest_route=%2Fwp%2Fv2%2Fmedia&parent=33823"}],"wp:term":[{"taxonomy":"category","embeddable":true,"href":"https:\/\/encuentroinformativo.com.mx\/index.php?rest_route=%2Fwp%2Fv2%2Fcategories&post=33823"},{"taxonomy":"post_tag","embeddable":true,"href":"https:\/\/encuentroinformativo.com.mx\/index.php?rest_route=%2Fwp%2Fv2%2Ftags&post=33823"}],"curies":[{"name":"wp","href":"https:\/\/api.w.org\/{rel}","templated":true}]}}