{"id":3383,"date":"2020-06-16T09:36:20","date_gmt":"2020-06-16T14:36:20","guid":{"rendered":"https:\/\/encuentroinformativo.com\/?p=3383"},"modified":"2020-06-16T09:36:22","modified_gmt":"2020-06-16T14:36:22","slug":"morena-grupos-y-vividores","status":"publish","type":"post","link":"https:\/\/encuentroinformativo.com.mx\/?p=3383","title":{"rendered":"Morena: Grupos y vividores"},"content":{"rendered":"\n<p><strong>Los Pol\u00edticos<\/strong><\/p>\n\n\n\n<p><strong>Salvador Mu\u00f1oz<\/strong><br><\/p>\n\n\n\n<p>Quiz\u00e1s en la incipiencia en el poder, y teniendo en sus intestinos una pugna por las riendas del partido en la entidad, a Morena se le est\u00e9 haciendo bolas el engrudo jalando cada quien para su lado. No es nada nuevo esto, en cualquier parte se cuecen habas y simplemente Morena tiene que pasar por ello, ya sea para hundirse o fortalecerse en el entendido de que unifiquen criterios por encima de los intereses personales.<\/p>\n\n\n\n<p>Desde el inicio de la administraci\u00f3n de Cuitl\u00e1huac Garc\u00eda, se habla de grupos\u2026 ah\u00ed est\u00e1 el de Roc\u00edo Nahle encabezado por Bola 8 el que a su vez, viene conformando su propio grupo\u2026 hablan del grupo de Juan Javier G\u00f3mez Cazar\u00edn, integrado por algunos diputados de la bancada (tanto de Morena como del PAN, PRI y PRD\u2026 ya es obvio el del MC), el de Manuel Huerta Ladr\u00f3n de Guevara y el del mismo Cuitl\u00e1huac Garc\u00eda Jim\u00e9nez, que resulta ser parad\u00f3jico, pues aseguran que es el m\u00e1s reducido pero por citar, tiene a Hugo Guti\u00e9rrez Maldonado, Zenyazen Escobar y Lima Franco, en su bando\u2026 bates pesados.<\/p>\n\n\n\n<p>Y si bien podemos hablar de grupos, tambi\u00e9n est\u00e1n los \u201csueltos\u201d, los que andan en sus \u201cbisnes\u201d, los que trabajan, o los que \u201cnadan de a muertito\u201d, entre \u00e9stos, senadores y diputados federales. \u00a1Vamos! Son como \u201clos de dulce\u201d&#8230; no se meten ni para bien ni para mal en las guerras intestinas por el Poder\u2026 los menos de este grupo son institucionales y los ver\u00e1 apoyando al gobernador y al presidente, por convicci\u00f3n, no por sumisi\u00f3n o adoraci\u00f3n.<\/p>\n\n\n\n<p>Por otro lado, en los grupos que conforman a Morena, aunque no lo crea, hay los que tambi\u00e9n guardan la institucionalidad para con el Gobernador\u2026 bueno\u2026 nada m\u00e1s es uno\u2026 el de los diputados.<\/p>\n\n\n\n<p>Para nadie es un secreto que Roc\u00edo Nahle y Manuel Huerta tengan sus propios intereses en torno a Veracruz y por supuesto, \u00a1por separado!<\/p>\n\n\n\n<p>En el caso de Bola 8 y su sub-grupo tratan de ser institucionales, pero al secretario de Gobierno le gana su naturaleza y trata de extender por todos lados sus tent\u00e1culos en aras de ir colocando piezas en distintos puntos que van m\u00e1s all\u00e1 de la secretar\u00eda de Gobierno\u2026<\/p>\n\n\n\n<p>Se insiste, esto de la divisi\u00f3n interna es propio de la naturaleza humana y m\u00e1s de la naturaleza pol\u00edtica\u2026 no se trata de que haya traidores, de que haya judas\u2026 se trata de intereses, a veces de grupo, a veces particulares\u2026 y de eso nos puede hablar a la perfecci\u00f3n el PRD con sus tribus\u2026 el PRI con su mosaico de agrupaciones\u2026 el PAN con sus \u201cismos\u201d&#8230; \u00a1todos!<\/p>\n\n\n\n<p>El asunto es la incipiencia de Morena porque no faltan los vividores que ven en la crisis de este partido (insisto, una crisis normal y de mayor exposici\u00f3n por estar donde est\u00e1n) la gran oportunidad para hacer su roncha y a estas alturas, ya ofertan sus \u201cespejitos\u201d, sus \u201cpanaceas\u201d, su \u201csanto grial\u201d, que ha de darle a Morena el triunfo en las pr\u00f3ximas elecciones\u2026<\/p>\n\n\n\n<p>Uno de estos personajes es el subsecretario de Educaci\u00f3n, Jorge Miguel Uscanga Villalba, a quien poco le falta para sacar tarjetas present\u00e1ndose como \u201cOperador de Morena 2021\u201d.<\/p>\n\n\n\n<p>Tanto \u00e9l como con quienes ha conformado un \u201cequipo\u201d en la subsecretar\u00eda de Educaci\u00f3n venden la idea de que en el apellido llevan la fama\u2026 \u00bfestar\u00e1 enterado el t\u00edo de c\u00f3mo ofertan su \u201ctrayectoria\u201d?<\/p>\n\n\n\n<p>Lo grave es que en lugar de tomar en serio la encomienda, Uscanga Villalba y Equipo, han hecho un \u201cB\u00fanker\u201d de la subsecretar\u00eda de Educaci\u00f3n despidiendo personal para meter \u201csupuestos operadores que fueron pri\u00edstas\u201d&#8230;<\/p>\n\n\n\n<p>Se entiende la crisis de Morena, no el trampol\u00edn que hace Uscanga, de la subsecretar\u00eda de Educaci\u00f3n.<br><\/p>\n\n\n\n<p><a href=\"mailto:smcainito@gmail.com\" target=\"_blank\" rel=\"noreferrer noopener\">smcainito@gmail.com<\/a><\/p>\n","protected":false},"excerpt":{"rendered":"<p>Los Pol\u00edticos Salvador Mu\u00f1oz Quiz\u00e1s en la incipiencia en el poder, y teniendo en sus intestinos una pugna por las riendas del partido en la entidad, a Morena se le est\u00e9 haciendo bolas el engrudo jalando cada quien para su lado. No es nada nuevo esto, en cualquier parte se cuecen habas y simplemente Morena [&hellip;]<\/p>\n","protected":false},"author":1,"featured_media":387,"comment_status":"open","ping_status":"open","sticky":false,"template":"","format":"standard","meta":{"_jetpack_memberships_contains_paid_content":false,"footnotes":""},"categories":[11],"tags":[],"class_list":["post-3383","post","type-post","status-publish","format-standard","has-post-thumbnail","hentry","category-opinion"],"jetpack_featured_media_url":"https:\/\/encuentroinformativo.com.mx\/wp-content\/uploads\/2020\/03\/7CF8A22B-2764-47BE-8F7F-38FE9E5D6A2F.jpeg","jetpack_sharing_enabled":true,"jetpack_likes_enabled":true,"amp_enabled":true,"_links":{"self":[{"href":"https:\/\/encuentroinformativo.com.mx\/index.php?rest_route=\/wp\/v2\/posts\/3383","targetHints":{"allow":["GET"]}}],"collection":[{"href":"https:\/\/encuentroinformativo.com.mx\/index.php?rest_route=\/wp\/v2\/posts"}],"about":[{"href":"https:\/\/encuentroinformativo.com.mx\/index.php?rest_route=\/wp\/v2\/types\/post"}],"author":[{"embeddable":true,"href":"https:\/\/encuentroinformativo.com.mx\/index.php?rest_route=\/wp\/v2\/users\/1"}],"replies":[{"embeddable":true,"href":"https:\/\/encuentroinformativo.com.mx\/index.php?rest_route=%2Fwp%2Fv2%2Fcomments&post=3383"}],"version-history":[{"count":1,"href":"https:\/\/encuentroinformativo.com.mx\/index.php?rest_route=\/wp\/v2\/posts\/3383\/revisions"}],"predecessor-version":[{"id":3384,"href":"https:\/\/encuentroinformativo.com.mx\/index.php?rest_route=\/wp\/v2\/posts\/3383\/revisions\/3384"}],"wp:featuredmedia":[{"embeddable":true,"href":"https:\/\/encuentroinformativo.com.mx\/index.php?rest_route=\/wp\/v2\/media\/387"}],"wp:attachment":[{"href":"https:\/\/encuentroinformativo.com.mx\/index.php?rest_route=%2Fwp%2Fv2%2Fmedia&parent=3383"}],"wp:term":[{"taxonomy":"category","embeddable":true,"href":"https:\/\/encuentroinformativo.com.mx\/index.php?rest_route=%2Fwp%2Fv2%2Fcategories&post=3383"},{"taxonomy":"post_tag","embeddable":true,"href":"https:\/\/encuentroinformativo.com.mx\/index.php?rest_route=%2Fwp%2Fv2%2Ftags&post=3383"}],"curies":[{"name":"wp","href":"https:\/\/api.w.org\/{rel}","templated":true}]}}