{"id":33831,"date":"2022-11-25T12:29:54","date_gmt":"2022-11-25T18:29:54","guid":{"rendered":"https:\/\/encuentroinformativo.com.mx\/?p=33831"},"modified":"2022-11-25T12:29:58","modified_gmt":"2022-11-25T18:29:58","slug":"inicia-colecta-comparte-alegria-regalaran-juguetes","status":"publish","type":"post","link":"https:\/\/encuentroinformativo.com.mx\/?p=33831","title":{"rendered":"Inicia colecta \u201cComparte Alegr\u00eda\u201d, regalar\u00e1n juguetes"},"content":{"rendered":"\n<p><strong>Dar\u00edo Pale<\/strong><\/p>\n\n\n\n<p>Xalapa, Ver.- Invitan a la ciudadan\u00eda para que participe en la Colecta Comparte Alegr\u00eda 2023 que se realizar\u00e1 para acopiar juguetes para ni\u00f1os de escasos recursos en Xalapa, Actopan, \u00a0Emiliano Zapata y Naolinco.<\/p>\n\n\n\n<p>En conferencia de prensa integrantes de asociaciones civiles dieron a conocer que a partir de este 25 de noviembre y hasta el 03 de enero se recibir\u00e1n las donaciones en la\u00a0<a href=\"https:\/\/www.google.com\/maps\/search\/calle+Ernesto+Ortiz+Medina+n%C3%BAmero+15?entry=gmail&amp;source=g\">calle Ernesto Ortiz Medina n\u00famero 15<\/a>\u00a0de la colonia Obrera Campesina.<\/p>\n\n\n\n<p>Estas son para llevarlas a ni\u00f1as y ni\u00f1os de las colonias El Olmo, congregaci\u00f3n El Castillo, Arboledas de El Tronconal, Veracruz, \u00c9bano, Campo de Tiro y La Haciendita en esta capital.<\/p>\n\n\n\n<p>Adem\u00e1s se llevar\u00e1n a localidades como Paso de la Milpa, en Emiliano Zapata y Coyolillo en Actopan.<\/p>\n\n\n\n<p>Finalmente se\u00f1alaron que adem\u00e1s de juguetes, se recibir\u00e1n cobijas y ropa de invierno, as\u00ed lo dieron a conocer integrantes de la asociaci\u00f3n Pol\u00edtica Juvenil Internacional.<\/p>\n","protected":false},"excerpt":{"rendered":"<p>Dar\u00edo Pale Xalapa, Ver.- Invitan a la ciudadan\u00eda para que participe en la Colecta Comparte Alegr\u00eda 2023 que se realizar\u00e1 para acopiar juguetes para ni\u00f1os de escasos recursos en Xalapa, Actopan, \u00a0Emiliano Zapata y Naolinco. En conferencia de prensa integrantes de asociaciones civiles dieron a conocer que a partir de este 25 de noviembre y [&hellip;]<\/p>\n","protected":false},"author":1,"featured_media":33832,"comment_status":"open","ping_status":"open","sticky":false,"template":"","format":"standard","meta":{"_jetpack_memberships_contains_paid_content":false,"footnotes":""},"categories":[8],"tags":[],"class_list":["post-33831","post","type-post","status-publish","format-standard","has-post-thumbnail","hentry","category-region"],"jetpack_featured_media_url":"https:\/\/encuentroinformativo.com.mx\/wp-content\/uploads\/2022\/11\/958F2293-DDEF-4AF2-9F60-0794898DB7D5.jpeg","jetpack_sharing_enabled":true,"jetpack_likes_enabled":true,"amp_enabled":true,"_links":{"self":[{"href":"https:\/\/encuentroinformativo.com.mx\/index.php?rest_route=\/wp\/v2\/posts\/33831","targetHints":{"allow":["GET"]}}],"collection":[{"href":"https:\/\/encuentroinformativo.com.mx\/index.php?rest_route=\/wp\/v2\/posts"}],"about":[{"href":"https:\/\/encuentroinformativo.com.mx\/index.php?rest_route=\/wp\/v2\/types\/post"}],"author":[{"embeddable":true,"href":"https:\/\/encuentroinformativo.com.mx\/index.php?rest_route=\/wp\/v2\/users\/1"}],"replies":[{"embeddable":true,"href":"https:\/\/encuentroinformativo.com.mx\/index.php?rest_route=%2Fwp%2Fv2%2Fcomments&post=33831"}],"version-history":[{"count":1,"href":"https:\/\/encuentroinformativo.com.mx\/index.php?rest_route=\/wp\/v2\/posts\/33831\/revisions"}],"predecessor-version":[{"id":33833,"href":"https:\/\/encuentroinformativo.com.mx\/index.php?rest_route=\/wp\/v2\/posts\/33831\/revisions\/33833"}],"wp:featuredmedia":[{"embeddable":true,"href":"https:\/\/encuentroinformativo.com.mx\/index.php?rest_route=\/wp\/v2\/media\/33832"}],"wp:attachment":[{"href":"https:\/\/encuentroinformativo.com.mx\/index.php?rest_route=%2Fwp%2Fv2%2Fmedia&parent=33831"}],"wp:term":[{"taxonomy":"category","embeddable":true,"href":"https:\/\/encuentroinformativo.com.mx\/index.php?rest_route=%2Fwp%2Fv2%2Fcategories&post=33831"},{"taxonomy":"post_tag","embeddable":true,"href":"https:\/\/encuentroinformativo.com.mx\/index.php?rest_route=%2Fwp%2Fv2%2Ftags&post=33831"}],"curies":[{"name":"wp","href":"https:\/\/api.w.org\/{rel}","templated":true}]}}