{"id":33838,"date":"2022-11-25T13:45:33","date_gmt":"2022-11-25T19:45:33","guid":{"rendered":"https:\/\/encuentroinformativo.com.mx\/?p=33838"},"modified":"2022-11-25T13:45:37","modified_gmt":"2022-11-25T19:45:37","slug":"dif-boca-del-rio-coadyuva-con-la-fiscalia-para-resguardar-a-menor-localizado","status":"publish","type":"post","link":"https:\/\/encuentroinformativo.com.mx\/?p=33838","title":{"rendered":"DIF Boca del R\u00edo coadyuva con la Fiscal\u00eda para resguardar a menor localizado"},"content":{"rendered":"\n<p>Boca del R\u00edo, Ver.- El DIF municipal de Boca del R\u00edo a trav\u00e9s de la Procuradur\u00eda Municipal de Protecci\u00f3n a Ni\u00f1as, Ni\u00f1os y Adolescentes, coadyuva con la Fiscal\u00eda Especializada en la Investigaci\u00f3n de Delitos Contra la Familia, Mujeres, Ni\u00f1as, Ni\u00f1os y Trata de Personas, para salvaguardar la integridad del menor de identidad reservada, que fue puesto bajo resguardo de esta dependencia municipal.<\/p>\n\n\n\n<p>El lactante fue trasladado durante las primeras horas de este viernes al albergue Santa Ana como medida de protecci\u00f3n emitida por la Fiscal\u00eda Especializada, hasta que as\u00ed lo determine la propia autoridad y mientras se desahoga la carpeta de investigaci\u00f3n que fue abierta ante la denuncia de quien presume ser la madre biol\u00f3gica del menor.<\/p>\n\n\n\n<p>La Procuradur\u00eda Municipal de Protecci\u00f3n a Ni\u00f1as, Ni\u00f1os y Adolescentes, actuar\u00e1 conforme a la ley y hasta donde las atribuciones legales permitan, por tal motivo el DIF municipal ser\u00e1 respetuoso del proceso y esperar\u00e1 a que las autoridades competentes determinen lo procedente en el caso.<\/p>\n\n\n\n<p>Proteger y salvaguardar la integridad de las ni\u00f1as, ni\u00f1os y adolescentes en Boca del R\u00edo, es la principal misi\u00f3n de este DIF municipal.<\/p>\n","protected":false},"excerpt":{"rendered":"<p>Boca del R\u00edo, Ver.- El DIF municipal de Boca del R\u00edo a trav\u00e9s de la Procuradur\u00eda Municipal de Protecci\u00f3n a Ni\u00f1as, Ni\u00f1os y Adolescentes, coadyuva con la Fiscal\u00eda Especializada en la Investigaci\u00f3n de Delitos Contra la Familia, Mujeres, Ni\u00f1as, Ni\u00f1os y Trata de Personas, para salvaguardar la integridad del menor de identidad reservada, que fue [&hellip;]<\/p>\n","protected":false},"author":1,"featured_media":22761,"comment_status":"open","ping_status":"open","sticky":false,"template":"","format":"standard","meta":{"_jetpack_memberships_contains_paid_content":false,"footnotes":""},"categories":[2],"tags":[],"class_list":["post-33838","post","type-post","status-publish","format-standard","has-post-thumbnail","hentry","category-estado"],"jetpack_featured_media_url":"https:\/\/encuentroinformativo.com.mx\/wp-content\/uploads\/2022\/01\/207D416E-A7E0-4669-8ED6-7DF543125E19.jpeg","jetpack_sharing_enabled":true,"jetpack_likes_enabled":true,"amp_enabled":true,"_links":{"self":[{"href":"https:\/\/encuentroinformativo.com.mx\/index.php?rest_route=\/wp\/v2\/posts\/33838","targetHints":{"allow":["GET"]}}],"collection":[{"href":"https:\/\/encuentroinformativo.com.mx\/index.php?rest_route=\/wp\/v2\/posts"}],"about":[{"href":"https:\/\/encuentroinformativo.com.mx\/index.php?rest_route=\/wp\/v2\/types\/post"}],"author":[{"embeddable":true,"href":"https:\/\/encuentroinformativo.com.mx\/index.php?rest_route=\/wp\/v2\/users\/1"}],"replies":[{"embeddable":true,"href":"https:\/\/encuentroinformativo.com.mx\/index.php?rest_route=%2Fwp%2Fv2%2Fcomments&post=33838"}],"version-history":[{"count":1,"href":"https:\/\/encuentroinformativo.com.mx\/index.php?rest_route=\/wp\/v2\/posts\/33838\/revisions"}],"predecessor-version":[{"id":33839,"href":"https:\/\/encuentroinformativo.com.mx\/index.php?rest_route=\/wp\/v2\/posts\/33838\/revisions\/33839"}],"wp:featuredmedia":[{"embeddable":true,"href":"https:\/\/encuentroinformativo.com.mx\/index.php?rest_route=\/wp\/v2\/media\/22761"}],"wp:attachment":[{"href":"https:\/\/encuentroinformativo.com.mx\/index.php?rest_route=%2Fwp%2Fv2%2Fmedia&parent=33838"}],"wp:term":[{"taxonomy":"category","embeddable":true,"href":"https:\/\/encuentroinformativo.com.mx\/index.php?rest_route=%2Fwp%2Fv2%2Fcategories&post=33838"},{"taxonomy":"post_tag","embeddable":true,"href":"https:\/\/encuentroinformativo.com.mx\/index.php?rest_route=%2Fwp%2Fv2%2Ftags&post=33838"}],"curies":[{"name":"wp","href":"https:\/\/api.w.org\/{rel}","templated":true}]}}