{"id":33846,"date":"2022-11-25T19:26:25","date_gmt":"2022-11-26T01:26:25","guid":{"rendered":"https:\/\/encuentroinformativo.com.mx\/?p=33846"},"modified":"2022-11-25T19:26:30","modified_gmt":"2022-11-26T01:26:30","slug":"amagan-cafetaleros-con-reanudar-protestas","status":"publish","type":"post","link":"https:\/\/encuentroinformativo.com.mx\/?p=33846","title":{"rendered":"Amagan cafetaleros con reanudar protestas"},"content":{"rendered":"\n<p><strong>Juan Arcos<\/strong><\/p>\n\n\n\n<p>Xalapa, Ver.- Los cafetaleros del estado de Veracruz podr\u00edan salir a las calles nuevamente y manifestarse, sobre todo en la ciudad de Xalapa, debido a la crisis registrada en la cosecha 2022-2023.<\/p>\n\n\n\n<p>Recientemente, las organizaciones cafetaleras han dado a conocer lo que se lleva a cabo para enfrentar la situaci\u00f3n por bajos precios del caf\u00e9.<\/p>\n\n\n\n<p>Se habla de fortalecer los esquemas de comercializaci\u00f3n como los del \u201ccomercio justo\u201d y caf\u00e9 org\u00e1nico que tienen mayores precios. Que se incorporen m\u00e1s productores y tener m\u00e1s caf\u00e9 para la comercializaci\u00f3n.<\/p>\n\n\n\n<p>A partir de los foros y reuniones de productores se destacar\u00edan tambi\u00e9n otros planteamientos, como promover y lograr que m\u00e1s familias cafetaleras y grupos vendan su caf\u00e9 en tostado y molido, y puedan tener acuerdos de abasto con cafeter\u00edas y as\u00ed vender el caf\u00e9 a mayores precios.<\/p>\n\n\n\n<p>Tambi\u00e9n acordaron demandar de manera masiva que se apruebe la nueva Ley para el Caf\u00e9, que se forme la Comisi\u00f3n para el dDesarrollo de la Cafeticultura y los Comit\u00e9s de Comercializaci\u00f3n y de Precios, y que se vean dos puntos:<\/p>\n\n\n\n<p>\u201cQue las grandes compa\u00f1\u00edas no apliquen niveles tan altos por gastos de comercializaci\u00f3n y utilidades cuando casi la mitad de la producci\u00f3n va para el consumo nacional. Manejan hasta 65.00 y 70.00 d\u00f3lares por quintal de pergamino\u201d.<\/p>\n\n\n\n<p>\u201cQue se paguen mayores precios por los caf\u00e9s de m\u00e1s calidad. Actualmente un gran comprador paga solo 80.00 pesos m\u00e1s por un caf\u00e9 de la calidad Altura contra el que da Prima Lavado. Deber\u00eda pagarse un Altura a cuando menos 400.00 m\u00e1s y se incentive el que se entregue caf\u00e9 con menos verdes y pasados de maduros Esto llevar\u00eda a que el caf\u00e9 mexicano de exportaci\u00f3n se vendiera a mayores diferenciales positivos\u201d, indican.<\/p>\n\n\n\n<p>Adem\u00e1s, solicitan al gobierno que se promuevan y otorguen mayores apoyos fiscales ante la fuerte p\u00e9rdida de ingresos con los actuales precios del caf\u00e9 convencional pagado a los productores.<\/p>\n\n\n\n<p>Cabe recordar que el kilogramo de caf\u00e9 cereza se pagaba en alrededor de 16 pesos y ahora solo en 10 pesos.<\/p>\n","protected":false},"excerpt":{"rendered":"<p>Juan Arcos Xalapa, Ver.- Los cafetaleros del estado de Veracruz podr\u00edan salir a las calles nuevamente y manifestarse, sobre todo en la ciudad de Xalapa, debido a la crisis registrada en la cosecha 2022-2023. Recientemente, las organizaciones cafetaleras han dado a conocer lo que se lleva a cabo para enfrentar la situaci\u00f3n por bajos precios [&hellip;]<\/p>\n","protected":false},"author":1,"featured_media":33847,"comment_status":"open","ping_status":"open","sticky":false,"template":"","format":"standard","meta":{"_jetpack_memberships_contains_paid_content":false,"footnotes":""},"categories":[8],"tags":[],"class_list":["post-33846","post","type-post","status-publish","format-standard","has-post-thumbnail","hentry","category-region"],"jetpack_featured_media_url":"https:\/\/encuentroinformativo.com.mx\/wp-content\/uploads\/2022\/11\/E1DD9351-8648-46D1-AB5F-F0EE457A9A13.jpeg","jetpack_sharing_enabled":true,"jetpack_likes_enabled":true,"amp_enabled":true,"_links":{"self":[{"href":"https:\/\/encuentroinformativo.com.mx\/index.php?rest_route=\/wp\/v2\/posts\/33846","targetHints":{"allow":["GET"]}}],"collection":[{"href":"https:\/\/encuentroinformativo.com.mx\/index.php?rest_route=\/wp\/v2\/posts"}],"about":[{"href":"https:\/\/encuentroinformativo.com.mx\/index.php?rest_route=\/wp\/v2\/types\/post"}],"author":[{"embeddable":true,"href":"https:\/\/encuentroinformativo.com.mx\/index.php?rest_route=\/wp\/v2\/users\/1"}],"replies":[{"embeddable":true,"href":"https:\/\/encuentroinformativo.com.mx\/index.php?rest_route=%2Fwp%2Fv2%2Fcomments&post=33846"}],"version-history":[{"count":1,"href":"https:\/\/encuentroinformativo.com.mx\/index.php?rest_route=\/wp\/v2\/posts\/33846\/revisions"}],"predecessor-version":[{"id":33848,"href":"https:\/\/encuentroinformativo.com.mx\/index.php?rest_route=\/wp\/v2\/posts\/33846\/revisions\/33848"}],"wp:featuredmedia":[{"embeddable":true,"href":"https:\/\/encuentroinformativo.com.mx\/index.php?rest_route=\/wp\/v2\/media\/33847"}],"wp:attachment":[{"href":"https:\/\/encuentroinformativo.com.mx\/index.php?rest_route=%2Fwp%2Fv2%2Fmedia&parent=33846"}],"wp:term":[{"taxonomy":"category","embeddable":true,"href":"https:\/\/encuentroinformativo.com.mx\/index.php?rest_route=%2Fwp%2Fv2%2Fcategories&post=33846"},{"taxonomy":"post_tag","embeddable":true,"href":"https:\/\/encuentroinformativo.com.mx\/index.php?rest_route=%2Fwp%2Fv2%2Ftags&post=33846"}],"curies":[{"name":"wp","href":"https:\/\/api.w.org\/{rel}","templated":true}]}}