{"id":33852,"date":"2022-11-25T13:54:34","date_gmt":"2022-11-25T19:54:34","guid":{"rendered":"https:\/\/encuentroinformativo.com.mx\/?p=33852"},"modified":"2022-11-25T22:58:44","modified_gmt":"2022-11-26T04:58:44","slug":"renuncio-dirigente-nacional-de-gnte","status":"publish","type":"post","link":"https:\/\/encuentroinformativo.com.mx\/?p=33852","title":{"rendered":"Renunci\u00f3 dirigente nacional de GNTE"},"content":{"rendered":"\n<p><strong>Dar\u00edo Pale<\/strong><\/p>\n\n\n\n<p>Xalapa, Ver.- Homero Juan Polito Dom\u00ednguez renunci\u00f3 a la dirigencia nacional del Gremio Nacional de Trabajadores de la Educaci\u00f3n (GNTE), por motivos de salud por lo que llega en sustituci\u00f3n Avith Moctezuma Uscanga, quien tom\u00f3 posesi\u00f3n este viernes ante la Estructura Directiva Nacional.<\/p>\n\n\n\n<p>En conferencia de prensa el ahora exdirigente dio a conocer que la decisi\u00f3n que tom\u00f3 se debe a una enfermedad renal que le aqueja y que le oblig\u00f3 a guardar reposo absoluto, por lo que, para evitar ser un obst\u00e1culo para la buena marcha del sindicato, decidi\u00f3 presentar su renuncia al cargo.<\/p>\n\n\n\n<p>Dijo que, de acuerdo con los estatutos, asumir\u00e1 la direcci\u00f3n nacional del sindicato el maestro Avith Moctezuma Uscanga, quien fung\u00eda como su suplente en la planilla que fue elegida por toda la estructura sindical a nivel nacional.<\/p>\n\n\n\n<p>Dio a conocer que desde antes de la pandemia su organismo empez\u00f3 a sentir problemas de salud y estuvo a punto de ser dializado, pero que lo super\u00f3, sin embargo, al asumir la dirigencia nacional de GNTE, por el arduo trabajo que se est\u00e1 realizando, de nuevo su organismo resinti\u00f3 y que lo ha puesto a las puertas de la hemodi\u00e1lisis o de un riesgo mayor.<\/p>\n\n\n\n<p>\u201cPero ese no es el problema, m\u00e1s que ponerme en riesgo mi salud, se pone en riesgo el desarrollo y la fortaleza de GNTE y sobre todo de los trabajadores agremiados, por lo que consider\u00f3 que no es tiempo de que a la organizaci\u00f3n sindical la sometan los egos de nadie, mucho menos del m\u00edo\u201d, recalc\u00f3.<\/p>\n\n\n\n<p>Por otra parte el maestro Edson Velasco de la Rosa, en su calidad de secretario general de la Estructura Ejecutiva Nacional de GNTE, fue el encargado de tomarle la protesta se\u00f1alando que no hay necesidad de convocar de nuevo a un proceso electivo, pues al presentar la renuncia el dirigente nacional, asume sus funciones el suplente de inmediato.<\/p>\n\n\n\n<p>El nuevo dirigente nacional de GNTE dio a conocer a cinco a\u00f1os y meses celebramos la fundaci\u00f3n de esta organizaci\u00f3n y hace unos meses, el 30 de abril, la toma de protesta del maestro Homero Juan Polito Dom\u00ednguez, los logros producto de los esfuerzos en conjunto, del trabajo en equipo, siempre la lucha por dignidad de las y los trabajadores, por la defensa de sus derechos y en la b\u00fasqueda de una organizaci\u00f3n sindical que sirva a los trabajadores y no que se sirva de ellos.<\/p>\n\n\n\n<p>&#8220;Una organizaci\u00f3n que rinde cuentas, pero que lo hace no de demagogias y mentiras a los trabajadores de la educaci\u00f3n y que se caracteriza por el estricto respecto con el que nos conducimos al interior y al exterior de ella, y de la que todos y todas estamos orgullosos\u201d, coment\u00f3.<\/p>\n\n\n\n<p>Finalmente dio a conocer que el maestro Tomas Gonz\u00e1lez G\u00f3mez, ser\u00e1 el encargado de la Estructura Directiva Estatal de GNTE Veracruz, quien estar\u00e1 en esta responsabilidad en tanto se realiza el proceso de renovaci\u00f3n de la organizaci\u00f3n sindical prevista a realizarse en enero pr\u00f3ximo, en donde podr\u00e1 participar en la conformaci\u00f3n de una planilla.<\/p>\n","protected":false},"excerpt":{"rendered":"<p>Dar\u00edo Pale Xalapa, Ver.- Homero Juan Polito Dom\u00ednguez renunci\u00f3 a la dirigencia nacional del Gremio Nacional de Trabajadores de la Educaci\u00f3n (GNTE), por motivos de salud por lo que llega en sustituci\u00f3n Avith Moctezuma Uscanga, quien tom\u00f3 posesi\u00f3n este viernes ante la Estructura Directiva Nacional. En conferencia de prensa el ahora exdirigente dio a conocer [&hellip;]<\/p>\n","protected":false},"author":1,"featured_media":33853,"comment_status":"open","ping_status":"open","sticky":false,"template":"","format":"standard","meta":{"_jetpack_memberships_contains_paid_content":false,"footnotes":""},"categories":[12],"tags":[],"class_list":["post-33852","post","type-post","status-publish","format-standard","has-post-thumbnail","hentry","category-nacional"],"jetpack_featured_media_url":"https:\/\/encuentroinformativo.com.mx\/wp-content\/uploads\/2022\/11\/5D2C5992-382F-423A-B7C0-9A0BA70155FB.jpeg","jetpack_sharing_enabled":true,"jetpack_likes_enabled":true,"amp_enabled":true,"_links":{"self":[{"href":"https:\/\/encuentroinformativo.com.mx\/index.php?rest_route=\/wp\/v2\/posts\/33852","targetHints":{"allow":["GET"]}}],"collection":[{"href":"https:\/\/encuentroinformativo.com.mx\/index.php?rest_route=\/wp\/v2\/posts"}],"about":[{"href":"https:\/\/encuentroinformativo.com.mx\/index.php?rest_route=\/wp\/v2\/types\/post"}],"author":[{"embeddable":true,"href":"https:\/\/encuentroinformativo.com.mx\/index.php?rest_route=\/wp\/v2\/users\/1"}],"replies":[{"embeddable":true,"href":"https:\/\/encuentroinformativo.com.mx\/index.php?rest_route=%2Fwp%2Fv2%2Fcomments&post=33852"}],"version-history":[{"count":1,"href":"https:\/\/encuentroinformativo.com.mx\/index.php?rest_route=\/wp\/v2\/posts\/33852\/revisions"}],"predecessor-version":[{"id":33854,"href":"https:\/\/encuentroinformativo.com.mx\/index.php?rest_route=\/wp\/v2\/posts\/33852\/revisions\/33854"}],"wp:featuredmedia":[{"embeddable":true,"href":"https:\/\/encuentroinformativo.com.mx\/index.php?rest_route=\/wp\/v2\/media\/33853"}],"wp:attachment":[{"href":"https:\/\/encuentroinformativo.com.mx\/index.php?rest_route=%2Fwp%2Fv2%2Fmedia&parent=33852"}],"wp:term":[{"taxonomy":"category","embeddable":true,"href":"https:\/\/encuentroinformativo.com.mx\/index.php?rest_route=%2Fwp%2Fv2%2Fcategories&post=33852"},{"taxonomy":"post_tag","embeddable":true,"href":"https:\/\/encuentroinformativo.com.mx\/index.php?rest_route=%2Fwp%2Fv2%2Ftags&post=33852"}],"curies":[{"name":"wp","href":"https:\/\/api.w.org\/{rel}","templated":true}]}}