{"id":33855,"date":"2022-11-25T23:09:05","date_gmt":"2022-11-26T05:09:05","guid":{"rendered":"https:\/\/encuentroinformativo.com.mx\/?p=33855"},"modified":"2022-11-25T23:09:08","modified_gmt":"2022-11-26T05:09:08","slug":"autoridades-minimizan-agenda-de-mujeres-diputada","status":"publish","type":"post","link":"https:\/\/encuentroinformativo.com.mx\/?p=33855","title":{"rendered":"Autoridades minimizan agenda de mujeres: Diputada"},"content":{"rendered":"\n<p><strong>Dar\u00edo Pale<\/strong><\/p>\n\n\n\n<p>Xalapa, Ver.- La diputada local de Movimiento Ciudadano Ruth Callejas Rold\u00e1n dio a conocer que el mensaje es muy claro la agenda de las mujeres no es prioridad para el gobierno del estado.<\/p>\n\n\n\n<p>Entrevistada previo a la marcha del 25N, dijo que &#8220;yo me qued\u00e9 fr\u00eda cuando le\u00ed las declaraciones del gobernador insultando a una de sus diputadas, \u00f3sea se\u00f1alar a una mujer pero sobre todo a alguien de su partido de corrupta se\u00f1alarla eso es violencia&#8221;.<br>Esto no se debe de permitir\u00e9 y tal y como se lo ha mencionado a muchas mujeres que no tiene miedo, ya que muchas mujeres temen denunciar, &#8220;el temor de las mujeres es el miedo&#8221;.<br>Dio a conocer que di\u00e1logo con las estudiantes de la UV, Medusas, y a otras que lo peor es no denunciar, por lo que las han escuchado y apoyado ya que deben de ser congruente y celebr\u00f3 que sus compa\u00f1eras diputadas incluso una de Morena y del PAN la est\u00e9n apoyando.<br>&#8220;Tenemos en primera que reconocer que hay violencia, si no lo reconocemos como diputados o diputadas no podemos hacer nada, entonces hoy tenemos que reconocer la violencia, reconocer que hay una violencia marcada en contra de las mujeres en Veracruz&#8221;, coment\u00f3.<br>Por lo anterior quieren que las escuchen pero sobre todo que las dejen actuar, que las dejen proponer que les ayuden ya que muchas no saben que es lo que deben hacer.<br>Finalmente se\u00f1al\u00f3 que deben analizar muy bien todo y deben recurrir a instancias &#8220;Que pedimos que nos escuchen si ellos no saben tratar el tema de g\u00e9nero que nos escuchen, que nos ayuden a ayudarlos porque Veracruz necesita progresar y no necesita ser el tercer lugar en feminicidios&#8221;<\/p>\n","protected":false},"excerpt":{"rendered":"<p>Dar\u00edo Pale Xalapa, Ver.- La diputada local de Movimiento Ciudadano Ruth Callejas Rold\u00e1n dio a conocer que el mensaje es muy claro la agenda de las mujeres no es prioridad para el gobierno del estado. Entrevistada previo a la marcha del 25N, dijo que &#8220;yo me qued\u00e9 fr\u00eda cuando le\u00ed las declaraciones del gobernador insultando [&hellip;]<\/p>\n","protected":false},"author":1,"featured_media":33856,"comment_status":"open","ping_status":"open","sticky":false,"template":"","format":"standard","meta":{"_jetpack_memberships_contains_paid_content":false,"footnotes":""},"categories":[2],"tags":[],"class_list":["post-33855","post","type-post","status-publish","format-standard","has-post-thumbnail","hentry","category-estado"],"jetpack_featured_media_url":"https:\/\/encuentroinformativo.com.mx\/wp-content\/uploads\/2022\/11\/329C03BB-242A-4A45-A53F-6428C0F6ABA5.jpeg","jetpack_sharing_enabled":true,"jetpack_likes_enabled":true,"amp_enabled":true,"_links":{"self":[{"href":"https:\/\/encuentroinformativo.com.mx\/index.php?rest_route=\/wp\/v2\/posts\/33855","targetHints":{"allow":["GET"]}}],"collection":[{"href":"https:\/\/encuentroinformativo.com.mx\/index.php?rest_route=\/wp\/v2\/posts"}],"about":[{"href":"https:\/\/encuentroinformativo.com.mx\/index.php?rest_route=\/wp\/v2\/types\/post"}],"author":[{"embeddable":true,"href":"https:\/\/encuentroinformativo.com.mx\/index.php?rest_route=\/wp\/v2\/users\/1"}],"replies":[{"embeddable":true,"href":"https:\/\/encuentroinformativo.com.mx\/index.php?rest_route=%2Fwp%2Fv2%2Fcomments&post=33855"}],"version-history":[{"count":1,"href":"https:\/\/encuentroinformativo.com.mx\/index.php?rest_route=\/wp\/v2\/posts\/33855\/revisions"}],"predecessor-version":[{"id":33857,"href":"https:\/\/encuentroinformativo.com.mx\/index.php?rest_route=\/wp\/v2\/posts\/33855\/revisions\/33857"}],"wp:featuredmedia":[{"embeddable":true,"href":"https:\/\/encuentroinformativo.com.mx\/index.php?rest_route=\/wp\/v2\/media\/33856"}],"wp:attachment":[{"href":"https:\/\/encuentroinformativo.com.mx\/index.php?rest_route=%2Fwp%2Fv2%2Fmedia&parent=33855"}],"wp:term":[{"taxonomy":"category","embeddable":true,"href":"https:\/\/encuentroinformativo.com.mx\/index.php?rest_route=%2Fwp%2Fv2%2Fcategories&post=33855"},{"taxonomy":"post_tag","embeddable":true,"href":"https:\/\/encuentroinformativo.com.mx\/index.php?rest_route=%2Fwp%2Fv2%2Ftags&post=33855"}],"curies":[{"name":"wp","href":"https:\/\/api.w.org\/{rel}","templated":true}]}}