{"id":33859,"date":"2022-11-25T23:27:17","date_gmt":"2022-11-26T05:27:17","guid":{"rendered":"https:\/\/encuentroinformativo.com.mx\/?p=33859"},"modified":"2022-11-25T23:27:20","modified_gmt":"2022-11-26T05:27:20","slug":"mujeres-marchan-en-xalapa","status":"publish","type":"post","link":"https:\/\/encuentroinformativo.com.mx\/?p=33859","title":{"rendered":"Mujeres marchan en Xalapa"},"content":{"rendered":"\n<p><strong>Dar\u00edo Pale <\/strong><\/p>\n\n\n\n<p>Xalapa, Ver.- Aproximadamente unas 150 mujeres marcharon el d\u00eda de hoy del Teatro del estado al centro de la ciudad para conmemorar el d\u00eda Internacional de la Eliminaci\u00f3n de la Violencia contra la Mujer denominado 25N.<\/p>\n\n\n\n<p>Diferentes colectivos feministas se dieron cita en el Teatro del estado para realizar una marcha al centro de la capital del estado donde fueron a acompa\u00f1adas de diputadas, ex funcionarias y colectivos feministas nacionales.<\/p>\n\n\n\n<p>Durante la marcha gritaban diferente consignas como: &#8220;el que no grite es poli&#8221;, &#8220;el que no brinque es mam\u00e1 yo&#8221;, &#8220;\u00e9l violados eres t\u00fa&#8221;, &#8220;no que no si que si ya volvimos a salir&#8221;, &#8220;no somos uno no somos cien pinche gobierno cu\u00e9ntanos bien&#8221;, entre otras o c\u00e1nticos.<\/p>\n\n\n\n<p>Durante la marcha hicieron una pausa en el monumento a la madre donde hicieron un pase de lista de las mujeres que han sido v\u00edctima de feminicidio, posteriormente en el viaducto pintaron nombres de supuestos violadores adem\u00e1s de que contaron vivencias que han sufrido al ser v\u00edctimas.<\/p>\n\n\n\n<p>Cabe recordar que siempre ha sido preocupante la violencia contra las mujeres y las ni\u00f1as, ya que una de cada tres mujeres se ve afectada por alg\u00fan tipo de violencia de g\u00e9nero y cada 11 minutos una mujer o ni\u00f1a muere asesinada por un familiar.<\/p>\n\n\n\n<p>Hace cinco a\u00f1os, el movimiento #MeToo, fundado por Tarana Burke en 2006, provoc\u00f3 una movilizaci\u00f3n mundial que manifest\u00f3 la urgente necesidad de prevenir y responder a la violencia contra las mujeres.<\/p>\n\n\n\n<p>Otros movimientos en todo el mundo como #NiUnaMenos, #BalanceTonPorc, #TimesUp entre muchos otros, tambi\u00e9n catalizaron el cambio.<\/p>\n\n\n\n<p>Desde entonces, ha habido una sensibilizaci\u00f3n y un impulso sin precedentes para poner este tipo de violencia sobre las mesas de las agendas gubernamentales, con leyes y pol\u00edticas, servicios esenciales y estrategias de prevenci\u00f3n.<\/p>\n\n\n\n<p>Por \u00faltimo cabe se\u00f1alar que al mismo tiempo se ha producido un incremento de los movimientos antiderechos, incluidos los grupos antifeministas, lo que ha provocado una reducci\u00f3n del espacio reivindicativo, una reacci\u00f3n contra las organizaciones de derechos de las mujeres y un aumento de los ataques contra estas activistas.<\/p>\n\n\n\n<figure class=\"wp-block-image size-large\"><img loading=\"lazy\" decoding=\"async\" width=\"1024\" height=\"683\" src=\"https:\/\/encuentroinformativo.com.mx\/wp-content\/uploads\/2022\/11\/8A8A2C2E-BBED-4DC0-8C95-666D57842BC7-1024x683.jpeg\" alt=\"\" class=\"wp-image-33861\" srcset=\"https:\/\/encuentroinformativo.com.mx\/wp-content\/uploads\/2022\/11\/8A8A2C2E-BBED-4DC0-8C95-666D57842BC7-1024x683.jpeg 1024w, https:\/\/encuentroinformativo.com.mx\/wp-content\/uploads\/2022\/11\/8A8A2C2E-BBED-4DC0-8C95-666D57842BC7-300x200.jpeg 300w, https:\/\/encuentroinformativo.com.mx\/wp-content\/uploads\/2022\/11\/8A8A2C2E-BBED-4DC0-8C95-666D57842BC7-768x512.jpeg 768w, https:\/\/encuentroinformativo.com.mx\/wp-content\/uploads\/2022\/11\/8A8A2C2E-BBED-4DC0-8C95-666D57842BC7.jpeg 1488w\" sizes=\"auto, (max-width: 1024px) 100vw, 1024px\" \/><\/figure>\n\n\n\n<figure class=\"wp-block-image size-large\"><img loading=\"lazy\" decoding=\"async\" width=\"1024\" height=\"683\" src=\"https:\/\/encuentroinformativo.com.mx\/wp-content\/uploads\/2022\/11\/06789A3E-D53E-482D-A2FE-3D9088A954BA-1024x683.jpeg\" alt=\"\" class=\"wp-image-33862\" srcset=\"https:\/\/encuentroinformativo.com.mx\/wp-content\/uploads\/2022\/11\/06789A3E-D53E-482D-A2FE-3D9088A954BA-1024x683.jpeg 1024w, https:\/\/encuentroinformativo.com.mx\/wp-content\/uploads\/2022\/11\/06789A3E-D53E-482D-A2FE-3D9088A954BA-300x200.jpeg 300w, https:\/\/encuentroinformativo.com.mx\/wp-content\/uploads\/2022\/11\/06789A3E-D53E-482D-A2FE-3D9088A954BA-768x512.jpeg 768w, https:\/\/encuentroinformativo.com.mx\/wp-content\/uploads\/2022\/11\/06789A3E-D53E-482D-A2FE-3D9088A954BA.jpeg 1488w\" sizes=\"auto, (max-width: 1024px) 100vw, 1024px\" \/><\/figure>\n\n\n\n<figure class=\"wp-block-image size-large\"><img loading=\"lazy\" decoding=\"async\" width=\"1024\" height=\"683\" src=\"https:\/\/encuentroinformativo.com.mx\/wp-content\/uploads\/2022\/11\/A44047D4-EF42-4F70-A5E8-1B70F8B91FDF-1024x683.jpeg\" alt=\"\" class=\"wp-image-33863\" srcset=\"https:\/\/encuentroinformativo.com.mx\/wp-content\/uploads\/2022\/11\/A44047D4-EF42-4F70-A5E8-1B70F8B91FDF-1024x683.jpeg 1024w, https:\/\/encuentroinformativo.com.mx\/wp-content\/uploads\/2022\/11\/A44047D4-EF42-4F70-A5E8-1B70F8B91FDF-300x200.jpeg 300w, https:\/\/encuentroinformativo.com.mx\/wp-content\/uploads\/2022\/11\/A44047D4-EF42-4F70-A5E8-1B70F8B91FDF-768x512.jpeg 768w, https:\/\/encuentroinformativo.com.mx\/wp-content\/uploads\/2022\/11\/A44047D4-EF42-4F70-A5E8-1B70F8B91FDF.jpeg 1488w\" sizes=\"auto, (max-width: 1024px) 100vw, 1024px\" \/><\/figure>\n","protected":false},"excerpt":{"rendered":"<p>Dar\u00edo Pale Xalapa, Ver.- Aproximadamente unas 150 mujeres marcharon el d\u00eda de hoy del Teatro del estado al centro de la ciudad para conmemorar el d\u00eda Internacional de la Eliminaci\u00f3n de la Violencia contra la Mujer denominado 25N. Diferentes colectivos feministas se dieron cita en el Teatro del estado para realizar una marcha al centro [&hellip;]<\/p>\n","protected":false},"author":1,"featured_media":33860,"comment_status":"open","ping_status":"open","sticky":false,"template":"","format":"standard","meta":{"_jetpack_memberships_contains_paid_content":false,"footnotes":""},"categories":[3],"tags":[],"class_list":["post-33859","post","type-post","status-publish","format-standard","has-post-thumbnail","hentry","category-xalapa"],"jetpack_featured_media_url":"https:\/\/encuentroinformativo.com.mx\/wp-content\/uploads\/2022\/11\/65F188EE-FA2F-4F5B-897A-56215E6940D1.jpeg","jetpack_sharing_enabled":true,"jetpack_likes_enabled":true,"amp_enabled":true,"_links":{"self":[{"href":"https:\/\/encuentroinformativo.com.mx\/index.php?rest_route=\/wp\/v2\/posts\/33859","targetHints":{"allow":["GET"]}}],"collection":[{"href":"https:\/\/encuentroinformativo.com.mx\/index.php?rest_route=\/wp\/v2\/posts"}],"about":[{"href":"https:\/\/encuentroinformativo.com.mx\/index.php?rest_route=\/wp\/v2\/types\/post"}],"author":[{"embeddable":true,"href":"https:\/\/encuentroinformativo.com.mx\/index.php?rest_route=\/wp\/v2\/users\/1"}],"replies":[{"embeddable":true,"href":"https:\/\/encuentroinformativo.com.mx\/index.php?rest_route=%2Fwp%2Fv2%2Fcomments&post=33859"}],"version-history":[{"count":1,"href":"https:\/\/encuentroinformativo.com.mx\/index.php?rest_route=\/wp\/v2\/posts\/33859\/revisions"}],"predecessor-version":[{"id":33864,"href":"https:\/\/encuentroinformativo.com.mx\/index.php?rest_route=\/wp\/v2\/posts\/33859\/revisions\/33864"}],"wp:featuredmedia":[{"embeddable":true,"href":"https:\/\/encuentroinformativo.com.mx\/index.php?rest_route=\/wp\/v2\/media\/33860"}],"wp:attachment":[{"href":"https:\/\/encuentroinformativo.com.mx\/index.php?rest_route=%2Fwp%2Fv2%2Fmedia&parent=33859"}],"wp:term":[{"taxonomy":"category","embeddable":true,"href":"https:\/\/encuentroinformativo.com.mx\/index.php?rest_route=%2Fwp%2Fv2%2Fcategories&post=33859"},{"taxonomy":"post_tag","embeddable":true,"href":"https:\/\/encuentroinformativo.com.mx\/index.php?rest_route=%2Fwp%2Fv2%2Ftags&post=33859"}],"curies":[{"name":"wp","href":"https:\/\/api.w.org\/{rel}","templated":true}]}}