{"id":33881,"date":"2022-11-26T15:26:27","date_gmt":"2022-11-26T21:26:27","guid":{"rendered":"https:\/\/encuentroinformativo.com.mx\/?p=33881"},"modified":"2022-11-26T15:26:31","modified_gmt":"2022-11-26T21:26:31","slug":"sector-agropecuario-fue-abandonado-acusa-movimiento-ciudadano","status":"publish","type":"post","link":"https:\/\/encuentroinformativo.com.mx\/?p=33881","title":{"rendered":"Sector agropecuario fue abandonado, acusa Movimiento Ciudadano"},"content":{"rendered":"\n<p><strong>Dar\u00edo Pale<\/strong><\/p>\n\n\n\n<p>Xalapa, Ver.- Salvador Gerardo P\u00e9rez Villegas secretaria t\u00e9cnico de la comisi\u00f3n nacional de vinculaci\u00f3n con el sector agropecuario de Movimiento Ciudadano (MC), se\u00f1al\u00f3 que el abandono del sector agropecuario por parte de Morena es evidente.<\/p>\n\n\n\n<p>En entrevista hizo hincapi\u00e9 en que este sector ha sido de los m\u00e1s golpeados sobre todo a ra\u00edz de que iniciar\u00e1 este gobierno morenista que dijo, es de corte asistencialista.\u00a0<\/p>\n\n\n\n<p>Y es que afirm\u00f3, se ha dejado de apoyar con los programas que exist\u00edan para el campo lo que ha causado un vac\u00edo de producci\u00f3n y trabajo para la gente del campo que ha tenido que migrar para Estados Unidos.<\/p>\n\n\n\n<p>&#8220;Han tenido que dejar sus tierras sin producir, y eso ha hecho que M\u00e9xico siga importando alimentos como ma\u00edz que es un alimento b\u00e1sico para nosotros&#8221;.<\/p>\n\n\n\n<p>En este tenor recalc\u00f3 que a nivel nacional el campo se encuentra en un deterioro muy marcado, por lo que MC, decidi\u00f3 \u00a0crear varias comisiones entre ellas la Comisi\u00f3n Nacional de vinculaci\u00f3n con el sector agropecuario para impulsar proyector con la gente del campo, buscando acercarse a todos los sectores en todos los estados y en todas las regiones.<\/p>\n\n\n\n<p>Asimismo destac\u00f3 que llevan nueve comisiones en todo el pa\u00eds, mismas que han tenido una muy buena respuesta por parte de la poblaci\u00f3n.<\/p>\n\n\n\n<p>&#8220;Recordemos que el PRI era el partido que tradicionalmente acog\u00eda ese tipo de sectores, pero el PRI est\u00e1 desdibujado y sobre todo est\u00e1 sin rumbo, y el PAN no entra al campo, generalmente nunca entr\u00f3 al campo y nosotros con gente con mucha experiencia como nuestro coordinador nacional don Pedro Jim\u00e9nez Le\u00f3n, quien ha sido muy pegado a sectores agropecuarios hemos entrado a muchos lugares donde MC no entraba&#8221;.<\/p>\n\n\n\n<p>P\u00e9rez Villegaz resalt\u00f3 que el domingo estar\u00e1n instalando la Comisi\u00f3n Estatal de Vinculaci\u00f3n con sector agropecuario en el Estado de Veracruz iniciando trabajos de estructura y vinculaci\u00f3n.<\/p>\n\n\n\n<p>Recalc\u00f3 que el campo veracruzano est\u00e1 \u00a0totalmente olvidado por todos los niveles de gobierno, por lo que es necesario acercarse a la poblaci\u00f3n y que sea con la misma gente que se creen programas con base en sus necesidades.<\/p>\n\n\n\n<p>Es por tal motivo que MC busca traer empresas privadas para lograr impulsar el campo.<\/p>\n\n\n\n<p>Hizo hincapi\u00e9 en que el gobierno actual es ciego, sordo y mudo, pues no atienden ni escuchan propuestas externas.<\/p>\n\n\n\n<p>Explic\u00f3 que por su parte buscan traer empresas coreanas para la producci\u00f3n de diferentes tipos de granos, haciendo una alianza que beneficie a los trabajadores mexicanos y al mercado nacional, convirti\u00e9ndose en un negocio para cada persona que trabaja.<\/p>\n\n\n\n<p>Finalmente en el tema pol\u00edtico dijo, se debe entender que MC abrir\u00e1 una campa\u00f1a de afiliaci\u00f3n masiva, invitaci\u00f3n a actores que no est\u00e1n afiliados a que encabecen la lucha del pueblo, y as\u00ed poder avanzar en todos los rincones del pa\u00eds.<\/p>\n","protected":false},"excerpt":{"rendered":"<p>Dar\u00edo Pale Xalapa, Ver.- Salvador Gerardo P\u00e9rez Villegas secretaria t\u00e9cnico de la comisi\u00f3n nacional de vinculaci\u00f3n con el sector agropecuario de Movimiento Ciudadano (MC), se\u00f1al\u00f3 que el abandono del sector agropecuario por parte de Morena es evidente. En entrevista hizo hincapi\u00e9 en que este sector ha sido de los m\u00e1s golpeados sobre todo a ra\u00edz [&hellip;]<\/p>\n","protected":false},"author":1,"featured_media":33882,"comment_status":"open","ping_status":"open","sticky":false,"template":"","format":"standard","meta":{"_jetpack_memberships_contains_paid_content":false,"footnotes":""},"categories":[2],"tags":[],"class_list":["post-33881","post","type-post","status-publish","format-standard","has-post-thumbnail","hentry","category-estado"],"jetpack_featured_media_url":"https:\/\/encuentroinformativo.com.mx\/wp-content\/uploads\/2022\/11\/D2AB54AA-A01F-4F89-B2DB-A9EB48B67DA5.jpeg","jetpack_sharing_enabled":true,"jetpack_likes_enabled":true,"amp_enabled":true,"_links":{"self":[{"href":"https:\/\/encuentroinformativo.com.mx\/index.php?rest_route=\/wp\/v2\/posts\/33881","targetHints":{"allow":["GET"]}}],"collection":[{"href":"https:\/\/encuentroinformativo.com.mx\/index.php?rest_route=\/wp\/v2\/posts"}],"about":[{"href":"https:\/\/encuentroinformativo.com.mx\/index.php?rest_route=\/wp\/v2\/types\/post"}],"author":[{"embeddable":true,"href":"https:\/\/encuentroinformativo.com.mx\/index.php?rest_route=\/wp\/v2\/users\/1"}],"replies":[{"embeddable":true,"href":"https:\/\/encuentroinformativo.com.mx\/index.php?rest_route=%2Fwp%2Fv2%2Fcomments&post=33881"}],"version-history":[{"count":1,"href":"https:\/\/encuentroinformativo.com.mx\/index.php?rest_route=\/wp\/v2\/posts\/33881\/revisions"}],"predecessor-version":[{"id":33883,"href":"https:\/\/encuentroinformativo.com.mx\/index.php?rest_route=\/wp\/v2\/posts\/33881\/revisions\/33883"}],"wp:featuredmedia":[{"embeddable":true,"href":"https:\/\/encuentroinformativo.com.mx\/index.php?rest_route=\/wp\/v2\/media\/33882"}],"wp:attachment":[{"href":"https:\/\/encuentroinformativo.com.mx\/index.php?rest_route=%2Fwp%2Fv2%2Fmedia&parent=33881"}],"wp:term":[{"taxonomy":"category","embeddable":true,"href":"https:\/\/encuentroinformativo.com.mx\/index.php?rest_route=%2Fwp%2Fv2%2Fcategories&post=33881"},{"taxonomy":"post_tag","embeddable":true,"href":"https:\/\/encuentroinformativo.com.mx\/index.php?rest_route=%2Fwp%2Fv2%2Ftags&post=33881"}],"curies":[{"name":"wp","href":"https:\/\/api.w.org\/{rel}","templated":true}]}}