{"id":33884,"date":"2022-11-26T15:36:12","date_gmt":"2022-11-26T21:36:12","guid":{"rendered":"https:\/\/encuentroinformativo.com.mx\/?p=33884"},"modified":"2022-11-26T15:36:16","modified_gmt":"2022-11-26T21:36:16","slug":"4t-ha-privilegiado-la-zona-sur-gutierrez-luna","status":"publish","type":"post","link":"https:\/\/encuentroinformativo.com.mx\/?p=33884","title":{"rendered":"4T ha privilegiado la zona sur: Guti\u00e9rrez Luna"},"content":{"rendered":"\n<p><strong>Dar\u00edo Pale<\/strong><\/p>\n\n\n\n<p>Xalapa, Ver.- El diputado federal Sergio Guti\u00e9rrez Luna, asegur\u00f3 que se encuentran a gusto con la 4T, y el gobierno de Andr\u00e9s L\u00f3pez Obrador, &#8220;estamos agusto, queremos que siga L\u00f3pez, que siga la transformaci\u00f3n, que contin\u00fae el movimiento&#8221;.<\/p>\n\n\n\n<p>Durante un evento que se realizara este s\u00e1bado en Cardel, donde hizo hincapi\u00e9 la asistencia de poblaci\u00f3n de diferentes municipios como Paso del Macho, \u00darsulo Galv\u00e1n, Tres Valles, Coatzacoalcos, Minatitl\u00e1n y muchos municipios m\u00e1s, con la finalidad de apoyar el trabajo del presidente de la Rep\u00fablica, pues dijo, con AMLO el sur ha tenido un lugar privilegiado, cuando esta zona, hab\u00eda estado abandonada.<\/p>\n\n\n\n<p>&#8220;En esta 4T el sur tiene un lugar privilegiado, el presidente L\u00f3pez Obrador ha dicho que durante mucho tiempo se fueron inversiones al centro y norte del pa\u00eds, pero ahora es tiempo del sur, que es tiempo de nosotros, de esta gente, por eso queremos que quien siga en el movimiento sea alguien que nos conozca, que lo conozcamos, en quien confiemos, que sea amigo que sea paisano que sepa de nuestra comida, de nuestras tradiciones, de nuestras necesidades&#8221;, se\u00f1al\u00f3.<\/p>\n\n\n\n<p>Finalmente asegur\u00f3 que todo Veracruz quiere que Andr\u00e9s Manuel siga en el poder, pues se pide un Veracruz con justicia y donde se consolide la transformaci\u00f3n.<\/p>\n","protected":false},"excerpt":{"rendered":"<p>Dar\u00edo Pale Xalapa, Ver.- El diputado federal Sergio Guti\u00e9rrez Luna, asegur\u00f3 que se encuentran a gusto con la 4T, y el gobierno de Andr\u00e9s L\u00f3pez Obrador, &#8220;estamos agusto, queremos que siga L\u00f3pez, que siga la transformaci\u00f3n, que contin\u00fae el movimiento&#8221;. Durante un evento que se realizara este s\u00e1bado en Cardel, donde hizo hincapi\u00e9 la asistencia [&hellip;]<\/p>\n","protected":false},"author":1,"featured_media":33885,"comment_status":"open","ping_status":"open","sticky":false,"template":"","format":"standard","meta":{"_jetpack_memberships_contains_paid_content":false,"footnotes":""},"categories":[8],"tags":[],"class_list":["post-33884","post","type-post","status-publish","format-standard","has-post-thumbnail","hentry","category-region"],"jetpack_featured_media_url":"https:\/\/encuentroinformativo.com.mx\/wp-content\/uploads\/2022\/11\/60580291-CC31-4255-A47A-29492C9342E5.jpeg","jetpack_sharing_enabled":true,"jetpack_likes_enabled":true,"amp_enabled":true,"_links":{"self":[{"href":"https:\/\/encuentroinformativo.com.mx\/index.php?rest_route=\/wp\/v2\/posts\/33884","targetHints":{"allow":["GET"]}}],"collection":[{"href":"https:\/\/encuentroinformativo.com.mx\/index.php?rest_route=\/wp\/v2\/posts"}],"about":[{"href":"https:\/\/encuentroinformativo.com.mx\/index.php?rest_route=\/wp\/v2\/types\/post"}],"author":[{"embeddable":true,"href":"https:\/\/encuentroinformativo.com.mx\/index.php?rest_route=\/wp\/v2\/users\/1"}],"replies":[{"embeddable":true,"href":"https:\/\/encuentroinformativo.com.mx\/index.php?rest_route=%2Fwp%2Fv2%2Fcomments&post=33884"}],"version-history":[{"count":1,"href":"https:\/\/encuentroinformativo.com.mx\/index.php?rest_route=\/wp\/v2\/posts\/33884\/revisions"}],"predecessor-version":[{"id":33886,"href":"https:\/\/encuentroinformativo.com.mx\/index.php?rest_route=\/wp\/v2\/posts\/33884\/revisions\/33886"}],"wp:featuredmedia":[{"embeddable":true,"href":"https:\/\/encuentroinformativo.com.mx\/index.php?rest_route=\/wp\/v2\/media\/33885"}],"wp:attachment":[{"href":"https:\/\/encuentroinformativo.com.mx\/index.php?rest_route=%2Fwp%2Fv2%2Fmedia&parent=33884"}],"wp:term":[{"taxonomy":"category","embeddable":true,"href":"https:\/\/encuentroinformativo.com.mx\/index.php?rest_route=%2Fwp%2Fv2%2Fcategories&post=33884"},{"taxonomy":"post_tag","embeddable":true,"href":"https:\/\/encuentroinformativo.com.mx\/index.php?rest_route=%2Fwp%2Fv2%2Ftags&post=33884"}],"curies":[{"name":"wp","href":"https:\/\/api.w.org\/{rel}","templated":true}]}}