{"id":33894,"date":"2022-11-27T14:34:13","date_gmt":"2022-11-27T20:34:13","guid":{"rendered":"https:\/\/encuentroinformativo.com.mx\/?p=33894"},"modified":"2022-11-27T14:34:18","modified_gmt":"2022-11-27T20:34:18","slug":"se-registraron-multiples-accidentes-en-el-bulevar-xalapa-coatepec","status":"publish","type":"post","link":"https:\/\/encuentroinformativo.com.mx\/?p=33894","title":{"rendered":"Se registraron m\u00faltiples accidentes en el bulevar Xalapa &#8211; Coatepec"},"content":{"rendered":"\n<p><strong>Juan Arcos<\/strong><\/p>\n\n\n\n<p>Xalapa, Ver.- La noche del s\u00e1bado fue cerrado el bulevar Xalapa-Coatepec tras los m\u00faltiples accidentes y carambolas que dejaron un saldo de 20 unidades siniestradas, cinco lesionados y cuantiosos da\u00f1os materiales.<\/p>\n\n\n\n<p>Los hechos ocurrieron despu\u00e9s de las ocho de la noche tras una llovizna y una densa neblina en esta v\u00eda de comunicaci\u00f3n, que es conocida como \u201cpista de hielo\u201d, debido a que es \u201cresbaladiza\u201d cada vez que llueve.<\/p>\n\n\n\n<p>Dos horas antes, autoridades estatales y municipales inauguraron el festival \u201cOrgullo Navide\u00f1o\u201d y la pista de hielo en el sal\u00f3n de la Cruz Roja, en el Pueblo M\u00e1gico cercano a la capital del estado.<\/p>\n\n\n\n<p>En estos percances se vio involucrada una patrulla de la Direcci\u00f3n General de Tr\u00e1nsito del Estado de Veracruz, una ambulancia de la Unidad del Sistema de Atenci\u00f3n M\u00e9dica de Urgencias de Veracruz (Samuv) y hasta un tr\u00e1iler que derrap\u00f3 y golpe\u00f3 otros veh\u00edculos a la altura de la zona conocida como La Florida.<\/p>\n\n\n\n<p>La unidad de tr\u00e1nsito y la ambulancia seencontraban en el sitio para atender los siniestros, cuando fueron impactados por otros veh\u00edculos que \u201cpatinaron\u201d.<\/p>\n\n\n\n<p>Un reportero capt\u00f3 en video cuando el conductor del tractocami\u00f3n de la empresa \u201cCastores\u201d no pudo frenar, derrapando varios metros y golpeando a su paso tres veh\u00edculos, por lo que fue cerrada la v\u00eda de comunicaci\u00f3n.<\/p>\n\n\n\n<p>Adem\u00e1s, un cami\u00f3n de pasajeros y otras unidades particulares derraparon y chocaron contra el camell\u00f3n central o dieron \u201cvolteretas\u201d.<\/p>\n\n\n\n<p>Para atender los n\u00fameros percances arribaron param\u00e9dicos de la Cruz Roja, elementos del Cuerpo de Bomberos Coatepec, Polic\u00eda Municipal y Polic\u00eda Estatal.<\/p>\n\n\n\n<p>Despu\u00e9s de las diez de la noche, cuando se retiraban las unidades siniestradas, se report\u00f3 ocho choque entre varios veh\u00edculos cerca de La Florida.<\/p>\n\n\n\n<p>Hace unos d\u00edas, se hab\u00eda anunciado que el bulevar Xalapa-Coatepec, ser\u00eda intervenido en su totalidad con una capa asf\u00e1ltica para prevenir los accidentes viales.<\/p>\n\n\n\n<figure class=\"wp-block-image size-large\"><img loading=\"lazy\" decoding=\"async\" width=\"1024\" height=\"576\" src=\"https:\/\/encuentroinformativo.com.mx\/wp-content\/uploads\/2022\/11\/7E4CE618-A9A7-4059-A920-4F2E6A32470F-1024x576.jpeg\" alt=\"\" class=\"wp-image-33896\" srcset=\"https:\/\/encuentroinformativo.com.mx\/wp-content\/uploads\/2022\/11\/7E4CE618-A9A7-4059-A920-4F2E6A32470F-1024x576.jpeg 1024w, https:\/\/encuentroinformativo.com.mx\/wp-content\/uploads\/2022\/11\/7E4CE618-A9A7-4059-A920-4F2E6A32470F-300x169.jpeg 300w, https:\/\/encuentroinformativo.com.mx\/wp-content\/uploads\/2022\/11\/7E4CE618-A9A7-4059-A920-4F2E6A32470F-768x432.jpeg 768w, https:\/\/encuentroinformativo.com.mx\/wp-content\/uploads\/2022\/11\/7E4CE618-A9A7-4059-A920-4F2E6A32470F-1536x864.jpeg 1536w, https:\/\/encuentroinformativo.com.mx\/wp-content\/uploads\/2022\/11\/7E4CE618-A9A7-4059-A920-4F2E6A32470F.jpeg 1599w\" sizes=\"auto, (max-width: 1024px) 100vw, 1024px\" \/><\/figure>\n","protected":false},"excerpt":{"rendered":"<p>Juan Arcos Xalapa, Ver.- La noche del s\u00e1bado fue cerrado el bulevar Xalapa-Coatepec tras los m\u00faltiples accidentes y carambolas que dejaron un saldo de 20 unidades siniestradas, cinco lesionados y cuantiosos da\u00f1os materiales. Los hechos ocurrieron despu\u00e9s de las ocho de la noche tras una llovizna y una densa neblina en esta v\u00eda de comunicaci\u00f3n, [&hellip;]<\/p>\n","protected":false},"author":1,"featured_media":33895,"comment_status":"open","ping_status":"open","sticky":false,"template":"","format":"standard","meta":{"_jetpack_memberships_contains_paid_content":false,"footnotes":""},"categories":[8],"tags":[],"class_list":["post-33894","post","type-post","status-publish","format-standard","has-post-thumbnail","hentry","category-region"],"jetpack_featured_media_url":"https:\/\/encuentroinformativo.com.mx\/wp-content\/uploads\/2022\/11\/96F53F92-FE81-4AA4-BFD4-D2962D816A6E.jpeg","jetpack_sharing_enabled":true,"jetpack_likes_enabled":true,"amp_enabled":true,"_links":{"self":[{"href":"https:\/\/encuentroinformativo.com.mx\/index.php?rest_route=\/wp\/v2\/posts\/33894","targetHints":{"allow":["GET"]}}],"collection":[{"href":"https:\/\/encuentroinformativo.com.mx\/index.php?rest_route=\/wp\/v2\/posts"}],"about":[{"href":"https:\/\/encuentroinformativo.com.mx\/index.php?rest_route=\/wp\/v2\/types\/post"}],"author":[{"embeddable":true,"href":"https:\/\/encuentroinformativo.com.mx\/index.php?rest_route=\/wp\/v2\/users\/1"}],"replies":[{"embeddable":true,"href":"https:\/\/encuentroinformativo.com.mx\/index.php?rest_route=%2Fwp%2Fv2%2Fcomments&post=33894"}],"version-history":[{"count":1,"href":"https:\/\/encuentroinformativo.com.mx\/index.php?rest_route=\/wp\/v2\/posts\/33894\/revisions"}],"predecessor-version":[{"id":33897,"href":"https:\/\/encuentroinformativo.com.mx\/index.php?rest_route=\/wp\/v2\/posts\/33894\/revisions\/33897"}],"wp:featuredmedia":[{"embeddable":true,"href":"https:\/\/encuentroinformativo.com.mx\/index.php?rest_route=\/wp\/v2\/media\/33895"}],"wp:attachment":[{"href":"https:\/\/encuentroinformativo.com.mx\/index.php?rest_route=%2Fwp%2Fv2%2Fmedia&parent=33894"}],"wp:term":[{"taxonomy":"category","embeddable":true,"href":"https:\/\/encuentroinformativo.com.mx\/index.php?rest_route=%2Fwp%2Fv2%2Fcategories&post=33894"},{"taxonomy":"post_tag","embeddable":true,"href":"https:\/\/encuentroinformativo.com.mx\/index.php?rest_route=%2Fwp%2Fv2%2Ftags&post=33894"}],"curies":[{"name":"wp","href":"https:\/\/api.w.org\/{rel}","templated":true}]}}